{"id":889,"date":"2025-02-16T00:59:58","date_gmt":"2025-02-16T05:59:58","guid":{"rendered":"https:\/\/www.familiassolidas.com\/site\/?p=889"},"modified":"2025-01-13T21:31:51","modified_gmt":"2025-01-14T02:31:51","slug":"deberiamos-validar-el-aborto","status":"publish","type":"post","link":"https:\/\/www.familiassolidas.com\/site\/archivos\/889","title":{"rendered":"\u00bfDeber\u00edamos validar el aborto?"},"content":{"rendered":"<h2 style=\"text-align: center;\"><span style=\"color: #800000;\"><strong>La decisi\u00f3n de abortar pone en peligro a la madre gestante y acaba con la vida de una criatura. Todo ser que tiene vida, desde el momento mismo en que es engendrado, le pertenece a Dios.<\/strong><\/span><\/h2>\n<hr \/>\n<p style=\"text-align: center;\"><strong><a href=\"https:\/\/bit.ly\/m\/FernandoJimenez\" target=\"_blank\" rel=\"noopener\">Fernando Alexis Jim\u00e9nez<\/a><\/strong> | <span style=\"color: #000000;\">Misi\u00f3n Edificando Familias S\u00f3lidas<\/span><\/p>\n<hr \/>\n<p><span style=\"color: #000000;\">\u00bf<em>Deber\u00edamos acudir al\u00a0<strong>aborto<\/strong><\/em>? El tema es pol\u00e9mico. Lo plante\u00f3 una joven embarazada. Su novio no quiere responder por la criatura.<\/span><\/p>\n<p><span style=\"color: #000000;\">Lo aconsejable, en situaciones as\u00ed, y otras que pudieran darse, es dar al beb\u00e9 en adopci\u00f3n. Es una nueva vida la que se est\u00e1 gestando y, si creemos en Dios, no podemos interrumpirla.<\/span><\/p>\n<p><span style=\"color: #000000;\">En el 2022 se estren\u00f3 la pel\u00edcula\u00a0<strong><em>Todo sobre Jane<\/em><\/strong>, dirigida por la norteamericana,\u00a0<strong>Phyllis Nagy<\/strong>. Es la historia de\u00a0<strong>Joy<\/strong>, una tradicional ama de casa norteamericana de los 60. Anhelaba un segundo embarazo.\u00a0<strong>El m\u00e9dico le notifica que la gestaci\u00f3n representa un riesgo para su vida.<\/strong>\u00a0Aborda crudamente el\u00a0<strong>aborto\u00a0<\/strong>y sus consecuencias.<\/span><\/p>\n<p><iframe title=\"Spotify Embed: La hermosura de Cristo| Podcast\" style=\"border-radius: 12px\" width=\"100%\" height=\"152\" frameborder=\"0\" allowfullscreen allow=\"autoplay; clipboard-write; encrypted-media; fullscreen; picture-in-picture\" loading=\"lazy\" src=\"https:\/\/open.spotify.com\/embed\/show\/7vnneIFpfQh475Tw2qvmZD?utm_source=oembed\"><\/iframe><\/p>\n<h2><span style=\"color: #000000;\"><strong>ANTE TODO, DEFENDER LA VIDA<\/strong><\/span><\/h2>\n<p><span style=\"color: #000000;\">Indistintamente de la espiritualidad que profese, lo ideal es defender la vida que Dios cre\u00f3. Todo ser humano es valioso en Su presencia. Si hay confusi\u00f3n, lo indicado es buscarlo en oraci\u00f3n. Nos ayudar\u00e1 siempre a encontrar soluciones\u2014\u00a0<strong><a style=\"color: #000000;\" href=\"https:\/\/www.biblegateway.com\/passage\/?search=Salmos%20139%3A13-16&amp;version=NVI\" target=\"_blank\" rel=\"noopener\">Salmo 139:13-16.<\/a><\/strong><\/span><\/p>\n<p style=\"padding-left: 40px;\"><span style=\"color: #000000;\"><em>T\u00fa creaste mis entra\u00f1as;<\/em><\/span><br \/>\n<span style=\"color: #000000;\"><em>me formaste en el vientre de mi madre.<\/em><\/span><br \/>\n<span style=\"color: #000000;\"><em>\u00a1Te alabo porque soy una creaci\u00f3n admirable!<\/em><\/span><br \/>\n<span style=\"color: #000000;\"><em>\u00a1Tus obras son maravillosas<\/em><\/span><br \/>\n<span style=\"color: #000000;\"><em>y esto lo s\u00e9 muy bien!<\/em><\/span><br \/>\n<span style=\"color: #000000;\"><em>Mis huesos no te fueron desconocidos<\/em><\/span><br \/>\n<span style=\"color: #000000;\"><em>cuando en lo m\u00e1s rec\u00f3ndito era yo formado,<\/em><\/span><br \/>\n<span style=\"color: #000000;\"><em>cuando en lo m\u00e1s profundo de la tierra era yo entretejido.<\/em><\/span><br \/>\n<span style=\"color: #000000;\"><em>Tus ojos vieron mi cuerpo en gestaci\u00f3n:<\/em><\/span><br \/>\n<span style=\"color: #000000;\"><em>todo estaba ya escrito en tu libro;<\/em><\/span><br \/>\n<span style=\"color: #000000;\"><em>todos mis d\u00edas se estaban dise\u00f1ando,<\/em><\/span><br \/>\n<span style=\"color: #000000;\"><em>aunque no exist\u00eda uno solo de ellos.<\/em><\/span><\/p>\n<p><span style=\"color: #000000;\">Si a\u00fan no le ha abierto las puertas de su coraz\u00f3n a\u00a0<strong>Jesucristo<\/strong>, hoy es el d\u00eda para que se acoja a\u00a0<strong>Su Gracia. Dios<\/strong>\u00a0perdona los pecados y nos abre las puertas a una nueva vida. Hoy es el d\u00eda para tomar esa decisi\u00f3n.<\/span><\/p>\n<hr \/>\n<p><strong><a href=\"https:\/\/bit.ly\/m\/FernandoJimenez\" target=\"_blank\" rel=\"noopener\">\u00a9 Fernando Alexis Jim\u00e9nez<\/a><\/strong>\u00a0|\u00a0@VidaNuevaCo<\/p>\n<h3><strong>Lea tambi\u00e9n<\/strong>:<\/h3>\n<ul>\n<li><strong><em><a href=\"https:\/\/familiassolidasco.wordpress.com\/2025\/01\/06\/rompa-la-atadura-a-las-deudas\/\" target=\"_blank\" rel=\"noopener\">Rompa la atadura de las deudas con ayuda de Dios<\/a><\/em><\/strong><em>.<\/em><\/li>\n<li><strong><em><a href=\"https:\/\/vidafamiliarco.wordpress.com\/2025\/01\/12\/como-escuchar-y-responder-al-llamamiento-de-dios\/\" target=\"_blank\" rel=\"noopener\">\u00bfC\u00f3mo escuchar y responder al llamamiento de Dios?<\/a><\/em><\/strong><\/li>\n<li><strong><em><a href=\"https:\/\/blogfaj.wordpress.com\/2025\/01\/08\/7-distintivos-de-un-lider-que-genera-cambios\/\" target=\"_blank\" rel=\"noopener\">Conozca y aplique 7 distintivos de un l\u00edder que genera cambios<\/a><\/em><\/strong><\/li>\n<li><strong><em><a href=\"https:\/\/salvosporlagracia.wordpress.com\/2025\/01\/06\/por-que-dios-no-quiere-nuestra-condenacion-eterna\/\" target=\"_blank\" rel=\"noopener\">\u00bfSab\u00eda que Dios no quiere que nos perdamos por la eternidad?<\/a><\/em><\/strong><\/li>\n<\/ul>\n<p><iframe loading=\"lazy\" style=\"border: 1px solid #FFFFFF;\" src=\"https:\/\/www.ivoox.com\/player_es_podcast_926201_zp_1.html\" width=\"100%\" height=\"400\" frameborder=\"0\" scrolling=\"no\" allowfullscreen=\"allowfullscreen\"><\/iframe><\/p>\n","protected":false},"excerpt":{"rendered":"<p>La decisi\u00f3n de abortar pone en peligro a la madre gestante y acaba con la vida de una criatura. Todo ser que tiene vida, desde el momento mismo en que es engendrado, le pertenece a Dios. Fernando Alexis Jim\u00e9nez | Misi\u00f3n Edificando Familias S\u00f3lidas \u00bfDeber\u00edamos acudir al\u00a0aborto? El tema es pol\u00e9mico. Lo plante\u00f3 una joven&#8230;<\/p>\n","protected":false},"author":2,"featured_media":890,"comment_status":"closed","ping_status":"closed","sticky":false,"template":"","format":"standard","meta":{"_kadence_starter_templates_imported_post":false,"footnotes":""},"categories":[18],"tags":[12],"class_list":["post-889","post","type-post","status-publish","format-standard","has-post-thumbnail","hentry","category-analisis","tag-familia"],"_links":{"self":[{"href":"https:\/\/www.familiassolidas.com\/site\/wp-json\/wp\/v2\/posts\/889","targetHints":{"allow":["GET"]}}],"collection":[{"href":"https:\/\/www.familiassolidas.com\/site\/wp-json\/wp\/v2\/posts"}],"about":[{"href":"https:\/\/www.familiassolidas.com\/site\/wp-json\/wp\/v2\/types\/post"}],"author":[{"embeddable":true,"href":"https:\/\/www.familiassolidas.com\/site\/wp-json\/wp\/v2\/users\/2"}],"replies":[{"embeddable":true,"href":"https:\/\/www.familiassolidas.com\/site\/wp-json\/wp\/v2\/comments?post=889"}],"version-history":[{"count":0,"href":"https:\/\/www.familiassolidas.com\/site\/wp-json\/wp\/v2\/posts\/889\/revisions"}],"wp:featuredmedia":[{"embeddable":true,"href":"https:\/\/www.familiassolidas.com\/site\/wp-json\/wp\/v2\/media\/890"}],"wp:attachment":[{"href":"https:\/\/www.familiassolidas.com\/site\/wp-json\/wp\/v2\/media?parent=889"}],"wp:term":[{"taxonomy":"category","embeddable":true,"href":"https:\/\/www.familiassolidas.com\/site\/wp-json\/wp\/v2\/categories?post=889"},{"taxonomy":"post_tag","embeddable":true,"href":"https:\/\/www.familiassolidas.com\/site\/wp-json\/wp\/v2\/tags?post=889"}],"curies":[{"name":"wp","href":"https:\/\/api.w.org\/{rel}","templated":true}]}}