{"id":2979,"date":"2026-01-26T00:37:06","date_gmt":"2026-01-26T05:37:06","guid":{"rendered":"https:\/\/www.familiassolidas.com\/site\/?p=2979"},"modified":"2025-10-12T21:00:04","modified_gmt":"2025-10-13T02:00:04","slug":"2979","status":"publish","type":"post","link":"https:\/\/www.familiassolidas.com\/site\/archivos\/2979","title":{"rendered":"Deseche las 5 voces que ahogan su fe"},"content":{"rendered":"<p style=\"padding-left: 40px;\"><span style=\"color: #800000;\"><strong>La mayor\u00eda de las personas incurrimos en errores por escuchar voces alrededor. Son voces con antivalores que nos inundan a trav\u00e9s de los medios masivos. Nos contagian de mensajes da\u00f1inos. Contaminan nuestra fe.<\/strong><\/span><\/p>\n<hr \/>\n<p><span style=\"color: #000000;\"><em>\u00bfCu\u00e1l es el problema al que nos vemos abocados?<\/em> Sencillo. Profesamos ser cristianos, pero distamos mucho de caminar en sus ense\u00f1anzas.<\/span><\/p>\n<p><span style=\"color: #000000;\">Puede que asista con puntualidad al servicio dominical o a la liturgia semanal, en caso que sea cat\u00f3lico.<\/span><\/p>\n<p style=\"padding-left: 40px;\"><span style=\"color: #000000;\">En la Palabra leemos:<\/span><\/p>\n<p style=\"padding-left: 40px;\"><span style=\"color: #000000;\"><em>\u201c\u00bfPor qu\u00e9 me llaman ustedes \u201cSe\u00f1or, Se\u00f1or\u201d, \u00bfy no hacen lo que les mando hacer?<\/em><em>\u201d (Lucas 6: 46 | RVC)<\/em><\/span><\/p>\n<p><span style=\"color: #000000;\">Recibimos ense\u00f1anzas, pero no las ponemos en pr\u00e1ctica. Pareciera que, al salir del templo, se nos olvida. No aprendimos, simplemente fuimos.<\/span><\/p>\n<p><span style=\"color: #000000;\">Y aqu\u00ed viene el asunto: Jes\u00fas demanda vivencia de la fe, no solamente que lo profesemos con los labios. Una vida relacional con \u00c9l. Aprender y hacer.<\/span><\/p>\n<p style=\"padding-left: 40px;\"><span style=\"color: #000000;\">Vivir la fe.<\/span><\/p>\n<p><span style=\"color: #000000;\">Entre tanto, escuchamos muchas voces. Mucho ruido. Nos viene del tel\u00e9fono celular, de la prensa, la radio, las redes sociales.<\/span><\/p>\n<p><span style=\"color: #000000;\">Antivalores que nos corroen y ponen obst\u00e1culos a nuestra vida de fe.<\/span><\/p>\n<p style=\"padding-left: 40px;\"><span style=\"color: #000000;\"><em>\u00bfLe suena extra\u00f1o?<\/em><\/span><\/p>\n<p><span style=\"color: #000000;\">Pues no deber\u00eda ser as\u00ed, porque la mayor\u00eda incurrimos en errores por escuchar voces alrededor. Nos contagian de mensajes da\u00f1inos. Contaminan nuestra fe.<\/span><\/p>\n<p style=\"padding-left: 40px;\"><span style=\"color: #000000;\"><em>\u00bfQuiere conocer algunas de esas voces?<\/em><\/span><\/p>\n<p><span style=\"color: #000000;\">De acuerdo. Aqu\u00ed van:<\/span><\/p>\n<p style=\"padding-left: 40px;\"><span style=\"color: #000000;\"><strong>\u00a01.-<\/strong> Las voces que pretenden matar nuestra fe (<strong>Mateo 20:30, 31)<\/strong><\/span><\/p>\n<p style=\"padding-left: 40px;\"><span style=\"color: #000000;\"><strong>\u00a02.-<\/strong> Las voces que nos invitan a caminar en la religiosidad y no de la mano de Dios <strong>(Lucas 18: 15, 16)<\/strong><\/span><\/p>\n<p style=\"padding-left: 40px;\"><span style=\"color: #000000;\"><strong>\u00a03.-<\/strong> Las voces que nos llevan a dudar de las promesas de Dios <strong>(G\u00e9nesis 3: 1)<\/strong><\/span><\/p>\n<p style=\"padding-left: 40px;\"><span style=\"color: #000000;\"><strong>\u00a04.-<\/strong> Las voces que quieren apartarnos de la fe y de Fios <strong>(Job 2:9)<\/strong><\/span><\/p>\n<p style=\"padding-left: 40px;\"><span style=\"color: #000000;\"><strong>\u00a05.-<\/strong> Las voces que cuestionan la obra de Dios (<strong>Lucas 23: 39)<\/strong><\/span><\/p>\n<p><span style=\"color: #000000;\">Eval\u00fae con cuidado qu\u00e9 informaci\u00f3n recibe. Proc\u00e9sela. No trague entero. Y los antivalores, sencillamente des\u00e9chelos.<\/span><\/p>\n<p style=\"padding-left: 40px;\"><span style=\"color: #000000;\"><em>\u00bfPor qu\u00e9?<\/em><\/span><\/p>\n<p><span style=\"color: #000000;\">Porque terminar\u00e1n ejerciendo una influencia negativa en su vida, en la relaci\u00f3n con su c\u00f3nyuge, hijos y, en general, con las personas con las que interact\u00faa.<\/span><\/p>\n<p style=\"padding-left: 40px;\"><span style=\"color: #000000;\">Le traer\u00e1n problemas, se lo aseguro.<\/span><\/p>\n<p><span style=\"color: #000000;\">Acoja lo que ense\u00f1\u00f3 el <strong>ap\u00f3stol Pablo<\/strong>:<\/span><\/p>\n<p style=\"padding-left: 40px;\"><span style=\"color: #000000;\"><em>\u201cY no adopten las costumbres de este mundo, sino transf\u00f3rmense por medio de la renovaci\u00f3n de su mente, para que comprueben cu\u00e1l es la voluntad de Dios, lo que es bueno, agradable y perfecto.\u201d (Romanos 12: 2 | RVC)<\/em><\/span><\/p>\n<p><span style=\"color: #000000;\">No puedo concluir esta breve jornada sin hablarle de la GRACIA de Dios.<\/span><\/p>\n<p><span style=\"color: #000000;\">Siempre me escuchar\u00e1 con el tema. Es algo apasionante cuando descubrimos qu\u00e9 es la GRACIA. Es el amor del Padre por usted y por m\u00ed, pero tambi\u00e9n perd\u00f3n para todo aqu\u00e9l que se arrepiente.<\/span><\/p>\n<p style=\"padding-left: 40px;\"><span style=\"color: #000000;\">La GRACIA est\u00e1 disponible para todos. S\u00ed, lo ley\u00f3 bien, para todos.<\/span><\/p>\n<p><span style=\"color: #000000;\">Y ampara con perd\u00f3n y vida eterna a quienes se arrepienten de su maldad y deciden emprender una nueva vida.<\/span><\/p>\n<p><span style=\"color: #000000;\">Aun cuando merec\u00edamos morir y la condenaci\u00f3n eterna, Jes\u00fas el Se\u00f1or pag\u00f3 el precio en la cruz.<\/span><\/p>\n<p><span style=\"color: #000000;\">Lo hizo porque nos ama y no quiere nuestra condenaci\u00f3n. Verti\u00f3 su sangre en el Calvario, limpi\u00f3 nuestra maldad y nos present\u00f3 santos y justos delante del Padre.<\/span><\/p>\n<p style=\"padding-left: 40px;\"><span style=\"color: #000000;\">\u00c1brale hoy las puertas de su coraz\u00f3n a Jesucristo.<\/span><\/p>\n<hr \/>\n<p style=\"text-align: center;\"><span style=\"color: #000000;\"><strong>Fernando Alexis Jim\u00e9nez &#8211; @VidaFamiliarCo &#8211; @Conexi\u00f3n365<\/strong><\/span><\/p>\n<hr \/>\n","protected":false},"excerpt":{"rendered":"<p>La mayor\u00eda de las personas incurrimos en errores por escuchar voces alrededor. Son voces con antivalores que nos inundan a trav\u00e9s de los medios masivos. Nos contagian de mensajes da\u00f1inos. Contaminan nuestra fe. \u00bfCu\u00e1l es el problema al que nos vemos abocados? Sencillo. Profesamos ser cristianos, pero distamos mucho de caminar en sus ense\u00f1anzas. Puede&#8230;<\/p>\n","protected":false},"author":2,"featured_media":2980,"comment_status":"closed","ping_status":"closed","sticky":false,"template":"","format":"standard","meta":{"_kadence_starter_templates_imported_post":false,"footnotes":""},"categories":[4],"tags":[],"class_list":["post-2979","post","type-post","status-publish","format-standard","has-post-thumbnail","hentry","category-articulos"],"_links":{"self":[{"href":"https:\/\/www.familiassolidas.com\/site\/wp-json\/wp\/v2\/posts\/2979","targetHints":{"allow":["GET"]}}],"collection":[{"href":"https:\/\/www.familiassolidas.com\/site\/wp-json\/wp\/v2\/posts"}],"about":[{"href":"https:\/\/www.familiassolidas.com\/site\/wp-json\/wp\/v2\/types\/post"}],"author":[{"embeddable":true,"href":"https:\/\/www.familiassolidas.com\/site\/wp-json\/wp\/v2\/users\/2"}],"replies":[{"embeddable":true,"href":"https:\/\/www.familiassolidas.com\/site\/wp-json\/wp\/v2\/comments?post=2979"}],"version-history":[{"count":0,"href":"https:\/\/www.familiassolidas.com\/site\/wp-json\/wp\/v2\/posts\/2979\/revisions"}],"wp:featuredmedia":[{"embeddable":true,"href":"https:\/\/www.familiassolidas.com\/site\/wp-json\/wp\/v2\/media\/2980"}],"wp:attachment":[{"href":"https:\/\/www.familiassolidas.com\/site\/wp-json\/wp\/v2\/media?parent=2979"}],"wp:term":[{"taxonomy":"category","embeddable":true,"href":"https:\/\/www.familiassolidas.com\/site\/wp-json\/wp\/v2\/categories?post=2979"},{"taxonomy":"post_tag","embeddable":true,"href":"https:\/\/www.familiassolidas.com\/site\/wp-json\/wp\/v2\/tags?post=2979"}],"curies":[{"name":"wp","href":"https:\/\/api.w.org\/{rel}","templated":true}]}}