{"id":2880,"date":"2025-09-16T00:17:29","date_gmt":"2025-09-16T05:17:29","guid":{"rendered":"https:\/\/www.familiassolidas.com\/site\/?p=2880"},"modified":"2025-05-30T22:20:18","modified_gmt":"2025-05-31T03:20:18","slug":"merece-perdon-y-una-nueva-oportunidad-quien-ha-pecado-mucho","status":"publish","type":"post","link":"https:\/\/www.familiassolidas.com\/site\/archivos\/2880","title":{"rendered":"\u00bfMerece perd\u00f3n y una nueva oportunidad quien ha pecado mucho?"},"content":{"rendered":"<p style=\"padding-left: 40px;\"><span style=\"color: #800000;\"><strong>El cirujano franc\u00e9s Jo\u00ebl Le Scouarnec, acusado de abusar de menores en su ejercicio profesional, pidi\u00f3 al juez y a los presentes, que le permitan emprender el cambio.<\/strong><\/span><\/p>\n<hr \/>\n<p><img loading=\"lazy\" decoding=\"async\" class=\"size-full aligncenter\" src=\"https:\/\/vidafamiliarco.wordpress.com\/wp-content\/uploads\/2025\/01\/cropped-vida-familiar.png\" width=\"1160\" height=\"249\" \/><\/p>\n<p><span style=\"color: #000000;\">Las im\u00e1genes lograron captar la atenci\u00f3n de millares de franceses. Tambi\u00e9n de quienes, en todo el mundo, segu\u00edan el caso. El cirujano franc\u00e9s\u00a0<strong>Jo\u00ebl Le Scouarnec,<\/strong>\u00a0acusado de abusar de menores en su ejercicio profesional, imploraba la posibilidad de cambiar.<\/span><\/p>\n<p><span style=\"color: #000000;\">El hombre de 74 a\u00f1os dijo con voz entrecortada: \u201c<em>No les imploro misericordia; les pido que me permitan cambiar<\/em>\u201d Enfrenta una condena de 20 a\u00f1os.<\/span><\/p>\n<p><span style=\"color: #000000;\"><strong>El cirujano admiti\u00f3 haber agredido \u00edntimamente a 299 pacientes en hospitales del oeste de Francia entre 1989 y 2014<\/strong>. Muchos, mientras estaban bajo anestesia o al despertar de las operaciones.<\/span><\/p>\n<p><span style=\"color: #000000;\">De estos pacientes, 256 eran menores de 15 a\u00f1os en ese momento.<\/span><\/p>\n<p><span style=\"color: #000000;\">\u00ab<em>Eras el diablo y a veces te vest\u00edas con una bata blanca<\/em>\u00ab, sentenci\u00f3\u00a0<strong>el fiscal St\u00e9phane Kellenberger\u00a0<\/strong>contra\u00a0<strong>Le Scouarnec<\/strong>.<\/span><\/p>\n<p><span style=\"color: #000000;\">El facultativo guard\u00f3 silencio unos instantes. Luego dijo con voz entrecortada: \u00ab<em>Simplemente, conc\u00e9dame el derecho a ser una mejor persona<\/em>\u00ab<\/span><\/p>\n<p><span style=\"color: #000000;\">El excirujano ejerci\u00f3 durante d\u00e9cadas hasta\u00a0<strong>su jubilaci\u00f3n en 2017<\/strong>, a pesar de\u00a0<strong>una condena en 2005<\/strong>\u00a0por posesi\u00f3n de im\u00e1genes expl\u00edcitas y abusivas de ni\u00f1os.<\/span><\/p>\n<div class=\"embed-spotify\"><iframe loading=\"lazy\" title=\"Spotify Embed: Conocer a Dios | Podcast\" src=\"https:\/\/open.spotify.com\/embed\/show\/7vnneIFpfQh475Tw2qvmZD?utm_source=oembed\" width=\"100%\" height=\"152\" frameborder=\"0\" allowfullscreen=\"allowfullscreen\" data-mce-fragment=\"1\"><\/iframe><\/div>\n<h2 style=\"padding-left: 40px;\"><span style=\"color: #000000;\"><strong>\u00bfMERECE UNA OPORTUNIDAD?<\/strong><\/span><\/h2>\n<p><span style=\"color: #000000;\">Las encuestas entre los franceses coinciden en que condenarlo fue justo, pero consideran que 20 a\u00f1os no son suficientes en una c\u00e1rcel.<\/span><\/p>\n<p><span style=\"color: #000000;\">Pero, \u00bf<em>Qu\u00e9 decir de la oportunidad que pide Le Scouarnec para cambiar<\/em>?<\/span><\/p>\n<p><span style=\"color: #000000;\">Imagino que esta pregunta le ha tocado las fibras m\u00e1s sensibles de su ser. \u00bf<em>Un asesino merece perd\u00f3n y una nueva oportunidad<\/em>?<\/span><\/p>\n<h2 style=\"padding-left: 40px;\"><span style=\"color: #000000;\"><strong>DIOS PERDON\u00d3 A UN CRIMINAL<\/strong><\/span><\/h2>\n<p><span style=\"color: #000000;\">En el\u00a0<strong>G\u00f3lgota<\/strong>, el\u00a0<strong>Se\u00f1or Jes\u00fas<\/strong>\u00a0estaba crucificado junto a dos criminales. Uno de ellos, con igual dolor que nuestro Salvador, se burlaba de \u00e9l; el otro, pidi\u00f3 misericordia.<\/span><\/p>\n<p style=\"padding-left: 40px;\"><span style=\"color: #000000;\"><em>\u00abY a Jes\u00fas le dijo: \u00abAcu\u00e9rdate de m\u00ed cuando llegues a tu reino.\u00bb Jes\u00fas le dijo: \u00abDe cierto te digo que hoy estar\u00e1s conmigo en el para\u00edso.\u00bb Desde el mediod\u00eda y hasta las tres de la tarde hubo tinieblas sobre toda la tierra.\u00bb (Lucas 23:42-44 | RVC)<\/em><\/span><\/p>\n<p><span style=\"color: #000000;\">L\u00e9alo de nuevo.\u00a0<strong>Perd\u00f3n. Misericordia inmerecida<\/strong>. Vida eterna para quien merec\u00eda estar en el infierno.<\/span><\/p>\n<p><span style=\"color: #000000;\"><strong>Una nueva oportunidad fue la respuesta de Jes\u00fas ante el arrepentimiento<\/strong>\u00a0sincero de aquel hombre. Puede que los dem\u00e1s lo condenaran. Dios en la cruz le extendi\u00f3 el perd\u00f3n.<\/span><\/p>\n<p><span style=\"color: #000000;\"><img loading=\"lazy\" decoding=\"async\" class=\"size-full aligncenter\" src=\"https:\/\/th.bing.com\/th\/id\/OIP.1IUkTRmUOe72CMnyMFbBCAHaE8?w=960&amp;h=640&amp;rs=1&amp;pid=ImgDetMain\" width=\"960\" height=\"640\" \/><\/span><\/p>\n<h2 style=\"padding-left: 40px;\"><span style=\"color: #000000;\"><strong>\u00bfPERDONAR\u00cdA JES\u00daS A LE SCOUARNEC?<\/strong><\/span><\/h2>\n<p><span style=\"color: #000000;\">Imagine por un instante que el m\u00e9dico,\u00a0<strong>Jo\u00ebl Le Scouarnec,<\/strong>\u00a0est\u00e1 frente al\u00a0<strong>Se\u00f1or Jes\u00fas<\/strong>. Aunque todos alrededor le insultan y se\u00f1alan, el cirujano le pide al Maestro que le perdone y le permita cambiar.<\/span><\/p>\n<p><span style=\"color: #000000;\">\u00bf<em>Qu\u00e9 har\u00eda Jes\u00fas<\/em>? Pi\u00e9nselo detenidamente antes de responder. \u00bf<em>Lo condenar\u00eda?<\/em>\u00a0No. Lo perdonar\u00eda.<\/span><\/p>\n<p><span style=\"color: #000000;\"><strong>El perd\u00f3n de Dios es la respuesta divina a un arrepentimiento sincero<\/strong>. Eso se llama gracia. Quiz\u00e1 no podemos entenderlo, pero es algo maravilloso que tambi\u00e9n est\u00e1 a nuestra disposici\u00f3n.<\/span><\/p>\n<p><span style=\"color: #000000;\"><strong>Gracia es perd\u00f3n y poder de Dios<\/strong>\u00a0en nosotros para avanzar en el proceso de transformaci\u00f3n y crecimiento.<\/span><\/p>\n<p><span style=\"color: #000000;\">Cuando nos acogemos a\u00a0<strong>la gracia divina<\/strong>, el Padre nos perdona y limpia la maldad. Pero algo m\u00e1s: por la obra redentora de Jes\u00fas en la cruz, ya no nos ve como pecadores merecedores del infierno.\u00a0<strong>Dios ahora nos ve como santos y, adem\u00e1s, justos.<\/strong>\u00a0<em>Como si jam\u00e1s hubi\u00e9semos cometido alg\u00fan equ\u00edvoco.<\/em><\/span><\/p>\n<h2 style=\"padding-left: 40px;\"><span style=\"color: #000000;\"><strong>DIOS ANDA EN B\u00daSQUEDA DE LOS PECADORES<\/strong><\/span><\/h2>\n<p><span style=\"color: #000000;\">Quiz\u00e1\u00a0<strong>usted no ha vuelto su mirada a Dios<\/strong>\u00a0porque considera que no merece una nueva oportunidad. Ha incurrido en tantas maldades, que considera, jam\u00e1s podr\u00e1n borrarse de su pasado, de su presente y de su futuro, porque sabe, es posible que volver\u00e1 a pecar.<\/span><\/p>\n<p><span style=\"color: #000000;\">Si le preguntara a Dios, \u00c9l le dar\u00eda la respuesta que hace siglos expres\u00f3 por medio de\u00a0<strong>Su Hijo Jes\u00fas<\/strong>:<\/span><\/p>\n<p style=\"padding-left: 40px;\"><span style=\"color: #000000;\"><em>\u00abYo no he venido a llamar al arrepentimiento a los justos, sino a los pecadores.\u00bb\u00bb (Lucas 5:32 | RVC)<\/em><\/span><\/p>\n<p><span style=\"color: #000000;\"><strong>No importa cu\u00e1ntas veces haya fallado<\/strong>. Dios le ofrece perd\u00f3n y una nueva oportunidad. Pero algo m\u00e1s:\u00a0<strong>\u00c9l no lo obligar\u00e1 a acogerse a Su gracia divina.<\/strong>\u00a0Es una decisi\u00f3n que usted debe tomar-<\/span><\/p>\n<p><span style=\"color: #000000;\">Hoy es el d\u00eda para dar ese paso de fe.\u00a0<strong>Dec\u00eddase por Jesucristo.<\/strong>\u00a0Ac\u00f3jase al perd\u00f3n y comience de nuevo.<\/span><\/p>\n<hr \/>\n<p style=\"padding-left: 40px;\"><span style=\"color: #000000;\"><strong>Fernando Alexis Jim\u00e9nez sirve a Dios en la Misi\u00f3n Edificando Familias S\u00f3lidas. Transmite el Programa \u201cVida Familiar\u201d y, desde el 2016, dirige el Instituto B\u00edblico Ministerial.<\/strong><\/span><\/p>\n<hr \/>\n<ol>\n<li><span style=\"color: #000000;\">Lea m\u00e1s contenidos edificantes en<\/span>\u00a0<a href=\"https:\/\/www.familiassolidas.com\/\" target=\"_blank\" rel=\"noopener\">FamiliasSolidas.com<\/a><\/li>\n<li><span style=\"color: #000000;\">Estudie teolog\u00eda gratis en<\/span>\u00a0<a href=\"https:\/\/www.institutobiblicoministerial.com\/\" target=\"_blank\" rel=\"noopener\">InstitutoBiblicoMinisterial.com<\/a><\/li>\n<\/ol>\n<p><iframe loading=\"lazy\" style=\"border: 1px solid #FFFFFF;\" src=\"https:\/\/www.ivoox.com\/player_es_podcast_926201_zp_1.html\" width=\"100%\" height=\"400\" frameborder=\"0\" scrolling=\"no\" allowfullscreen=\"allowfullscreen\"><\/iframe><\/p>\n","protected":false},"excerpt":{"rendered":"<p>El cirujano franc\u00e9s Jo\u00ebl Le Scouarnec, acusado de abusar de menores en su ejercicio profesional, pidi\u00f3 al juez y a los presentes, que le permitan emprender el cambio. Las im\u00e1genes lograron captar la atenci\u00f3n de millares de franceses. Tambi\u00e9n de quienes, en todo el mundo, segu\u00edan el caso. El cirujano franc\u00e9s\u00a0Jo\u00ebl Le Scouarnec,\u00a0acusado de abusar&#8230;<\/p>\n","protected":false},"author":2,"featured_media":2882,"comment_status":"closed","ping_status":"closed","sticky":false,"template":"","format":"standard","meta":{"_kadence_starter_templates_imported_post":false,"footnotes":""},"categories":[18],"tags":[],"class_list":["post-2880","post","type-post","status-publish","format-standard","has-post-thumbnail","hentry","category-analisis"],"_links":{"self":[{"href":"https:\/\/www.familiassolidas.com\/site\/wp-json\/wp\/v2\/posts\/2880","targetHints":{"allow":["GET"]}}],"collection":[{"href":"https:\/\/www.familiassolidas.com\/site\/wp-json\/wp\/v2\/posts"}],"about":[{"href":"https:\/\/www.familiassolidas.com\/site\/wp-json\/wp\/v2\/types\/post"}],"author":[{"embeddable":true,"href":"https:\/\/www.familiassolidas.com\/site\/wp-json\/wp\/v2\/users\/2"}],"replies":[{"embeddable":true,"href":"https:\/\/www.familiassolidas.com\/site\/wp-json\/wp\/v2\/comments?post=2880"}],"version-history":[{"count":0,"href":"https:\/\/www.familiassolidas.com\/site\/wp-json\/wp\/v2\/posts\/2880\/revisions"}],"wp:featuredmedia":[{"embeddable":true,"href":"https:\/\/www.familiassolidas.com\/site\/wp-json\/wp\/v2\/media\/2882"}],"wp:attachment":[{"href":"https:\/\/www.familiassolidas.com\/site\/wp-json\/wp\/v2\/media?parent=2880"}],"wp:term":[{"taxonomy":"category","embeddable":true,"href":"https:\/\/www.familiassolidas.com\/site\/wp-json\/wp\/v2\/categories?post=2880"},{"taxonomy":"post_tag","embeddable":true,"href":"https:\/\/www.familiassolidas.com\/site\/wp-json\/wp\/v2\/tags?post=2880"}],"curies":[{"name":"wp","href":"https:\/\/api.w.org\/{rel}","templated":true}]}}