{"id":2555,"date":"2024-10-16T00:14:02","date_gmt":"2024-10-16T05:14:02","guid":{"rendered":"https:\/\/www.familiassolidas.com\/site\/?p=2555"},"modified":"2024-08-02T20:21:01","modified_gmt":"2024-08-03T01:21:01","slug":"12-razones-para-creer-en-la-sanidad-de-dios","status":"publish","type":"post","link":"https:\/\/www.familiassolidas.com\/site\/archivos\/2555","title":{"rendered":"12 razones para creer en la sanidad de Dios"},"content":{"rendered":"<h2 style=\"text-align: center;\"><span style=\"color: #800000;\"><strong>La mano de Dios no se ha acortado. \u00c9l sigue siendo igual por los siglos. Sigue obrando sanidad. Este es el d\u00eda oportuno para rendirnos a Su poder. Entregarle nuestra ansiedad o dolor. \u00c9l obra con poder.<\/strong><\/span><\/h2>\n<hr \/>\n<h3 style=\"text-align: center;\"><span style=\"font-family: georgia, palatino; color: #000000;\"><strong>Fernando Alexis Jim\u00e9nez<\/strong> | Editor del blog SalvosporlaGracia.com<\/span><\/h3>\n<hr \/>\n<p><span style=\"color: #000000;\">El olor penetrante a medicina, la luz blanca encendida por todas partes d\u00eda y noche, personas que esperaban con ansiedad en varias salas, m\u00e9dicos y enfermeras yendo de un lado a otro para atender pacientes y una capilla en la que pas\u00f3 mucho tiempo, son los recuerdos Kery y Chip recuerdan del\u00a0<strong>Hospital Haultma, en Ohio, Estados Unidos.<\/strong><span id=\"more-3326\"><\/span><\/span><\/p>\n<p><span style=\"color: #000000;\">All\u00ed pasaron muchas horas mientras que su beb\u00e9, Austin, se debat\u00eda entre la vida y la muerte, en una sala de cuidados intensivos. Entre tanto, ellos oraban. Lo hac\u00eda con una amalgama de desespero y fe en el poder de Dios.<\/span><\/p>\n<p><span style=\"color: #000000;\">El menor naci\u00f3 14 semanas antes, muy prematuro. Los pulmones no se hab\u00edan desarrollado. Al considerar que no hab\u00eda forma de salvarlo, los especialistas consultaron a los padres y, finalmente, optan por desconectarlo del respirador mec\u00e1nico. Todos esperaban el fallecimiento en cuesti\u00f3n de minutos, excepto sus padres.<\/span><\/p>\n<p><span style=\"color: #000000;\">\u201c<em>Nuestra fe permanec\u00eda afincada en Dios. Sab\u00edamos que \u00c9l obra en circunstancias dif\u00edciles y de una manera que no explica la l\u00f3gica humana.\u201d,<\/em>\u00a0explicar\u00eda despu\u00e9s Kery, la madre.<\/span><\/p>\n<p><span style=\"color: #000000;\">Los padres clamaron en un cuarto del que jam\u00e1s olvidaron su nomenclatura: el 407, en un costado del hospital, que convirtieron en su capilla familiar. Lo hicieron por espacio de once horas.<\/span><\/p>\n<p><span style=\"color: #000000;\">Austin no muri\u00f3, sino que, desafiando incluso la incredulidad del doctor, Roger V\u00e1squez, quien debi\u00f3 admitir que ocurri\u00f3 un milagro.<\/span><\/p>\n<p><span style=\"color: #000000;\">Los hechos ocurrieron el 18 de agosto de 2012 y fueron documentados por la revista\u00a0<strong>Reader\u2019s Digest.<\/strong><\/span><\/p>\n<p><span style=\"color: #000000;\">Cuando decimos que Cristo muri\u00f3 en la cruz y all\u00ed llev\u00f3 nuestras enfermedades, \u00bfhacemos alusi\u00f3n a algo real o solo metaf\u00f3rico? Es real. Dios quiere nuestra sanidad. No ahora, sino desde siempre.<\/span><\/p>\n<h2><span style=\"color: #000000;\"><strong>SANADA DE C\u00c1NCER<\/strong><\/span><\/h2>\n<p><span style=\"color: #000000;\">En\u00a0<strong>octubre de 1981<\/strong>\u00a0le diagnosticaron c\u00e1ncer de h\u00edgado en fase de met\u00e1stasis a\u00a0<strong>Dodie Osteen<\/strong>. Esa fue la conclusi\u00f3n de 21 d\u00edas internada en un hospital. Ten\u00edan dos opciones: someterla a quimioterapia, sin ning\u00fan tipo de expectativa de curaci\u00f3n, o que regresara a casa, como finalmente hizo. Le daban pocas semanas de vida.<\/span><\/p>\n<p><span style=\"color: #000000;\">La mujer se afinc\u00f3 en una palabra que ley\u00f3 en el libro del\u00a0<strong>profeta Isa\u00edas<\/strong>:<\/span><\/p>\n<p style=\"padding-left: 40px;\"><span style=\"color: #000000;\"><em>\u00abPero \u00c9l fue herido por nuestras transgresiones, molido por nuestras iniquidades. El castigo, por nuestra paz, cay\u00f3 sobre \u00c9l, y por Sus heridas hemos sido sanados.\u00bb (Isa\u00edas 53: 5 | NBLA)<\/em><\/span><\/p>\n<p><span style=\"color: #000000;\">Su apreciaci\u00f3n del pasaje, era que\u00a0<strong>Cristo<\/strong>\u00a0hab\u00eda llevado en la cruz, no solamente nuestros pecados, sino tambi\u00e9n nuestras enfermedades.<\/span><\/p>\n<p><span style=\"color: #000000;\">El\u00a0<strong>11 de diciembre de 1981<\/strong>, seg\u00fan relat\u00f3 en un peque\u00f1o librito, Dodie experiment\u00f3 una transformaci\u00f3n en su vida, porque reconoci\u00f3 la sanidad f\u00edsica proveniente de Dios.<\/span><\/p>\n<p><span style=\"color: #000000;\">En el texto relata que crey\u00f3 en la sanidad del Padre, quien obra de maneras inexplicables.<\/span><\/p>\n<h2><span style=\"color: #000000;\"><strong>\u00bfOCURREN HOY LOS MILAGROS DE SANIDAD?<\/strong><\/span><\/h2>\n<p><span style=\"color: #000000;\">Definitivamente los\u00a0<strong>milagros<\/strong>\u00a0siguen ocurriendo.\u00a0<strong>Dios sigue ministrando sanidad<\/strong>\u00a0a Su pueblo, que se rinde a \u00c9l y cree en\u00a0<em>Su poder ilimitado<\/em>.<\/span><\/p>\n<p><span style=\"color: #000000;\"><em>El Se\u00f1or responde a nuestras peticiones en procura de ser sanos.<\/em>\u00a0El\u00a0<strong>rey David<\/strong> lo dej\u00f3 claro al escribir:<\/span><\/p>\n<p style=\"padding-left: 40px;\"><span style=\"color: #000000;\"><em>\u00abOh Se\u00f1or, Dios m\u00edo, a Ti ped\u00ed auxilio y me sanaste. Oh Se\u00f1or, has sacado mi alma del Seol; me has guardado con vida, para que no descienda al sepulcro.\u00bb (Salmo 30: 2, 3 | NBLA)<\/em><\/span><\/p>\n<p><span style=\"color: #000000;\">Estar inmersos en el\u00a0<strong><em>movimiento de la gracia<\/em><\/strong>, \u00bf<em>nos impide creer en la sanidad divina hoy d\u00eda<\/em>? En absoluto. Por el contrario, la\u00a0<strong>gracia de Dios<\/strong>\u00a0lo que hace es afianzar esa manifestaci\u00f3n poderosa que es la\u00a0<em>sanidad.<\/em><\/span><\/p>\n<p><span style=\"color: #000000;\">Ahora, recordemos tres dimensiones de la sanidad:<\/span><\/p>\n<p style=\"padding-left: 40px;\"><span style=\"color: #000000;\"><strong>a.-<\/strong>\u00a0F\u00edsica<\/span><\/p>\n<p style=\"padding-left: 40px;\"><span style=\"color: #000000;\"><strong>b.<\/strong>\u2013 Emocional<\/span><\/p>\n<p style=\"padding-left: 40px;\"><span style=\"color: #000000;\"><strong>c.-<\/strong>\u00a0Espiritual<\/span><\/p>\n<p><span style=\"color: #000000;\">Cuando nos rendimos al\u00a0<strong>Se\u00f1or<\/strong>, \u00c9l obra en todas las esferas de nuestro ser. Est\u00e1 cercano a nosotros, escucha las oraciones (<strong>Salmo 75: 1<\/strong>) Ahora, si estamos enfermos y\u00a0<strong>depositamos toda nuestra confianza en el Supremo Hacedor<\/strong>, podemos repetir con el salmista:<\/span><\/p>\n<p style=\"padding-left: 40px;\"><span style=\"color: #000000;\"><em>\u201cNo morir\u00e9, sino que vivir\u00e9, y contar\u00e9 las obras del Se\u00f1or.\u201d (Salmo 118: 17 | NBLA)<\/em><\/span><\/p>\n<p><span style=\"color: #000000;\">Insistimos, el\u00a0<strong>Dios de poder y de gloria<\/strong>\u00a0sigue obrando sanidad y responde a nuestras oraciones. Nuestro amado Salvador Jesucristo ense\u00f1\u00f3:<\/span><\/p>\n<p style=\"padding-left: 40px;\"><span style=\"color: #000000;\"><em>\u201cAdem\u00e1s les digo, que si dos de ustedes se ponen de acuerdo sobre cualquier cosa que pidan aqu\u00ed en la tierra, les ser\u00e1 hecho por Mi Padre que est\u00e1 en los cielos.\u201d (Mateo 18: 19 | NBLA)<\/em><\/span><\/p>\n<p><span style=\"color: #000000;\">Por supuesto,\u00a0<em>somos pecadores<\/em>\u00a0y esa acumulaci\u00f3n de maldad, trae sus consecuencias en las tres dimensiones:\u00a0<em>f\u00edsica, espiritual y emocional.<\/em>\u00a0No obstante,\u00a0<strong>Dios nos mira con amor y gracia<\/strong>\u00a0y es as\u00ed como leemos al profeta Isa\u00edas cuando escribe:<\/span><\/p>\n<p style=\"padding-left: 40px;\"><span style=\"color: #000000;\"><em>\u201cYo, Yo soy el que borro tus transgresiones por amor a M\u00ed mismo, y no recordar\u00e9 tus pecados.\u201d (Isa\u00edas 43:25; Salmo 107: 20 | NBLA)<\/em><\/span><\/p>\n<p><span style=\"color: #000000;\">La manifestaci\u00f3n plena de Su\u00a0<strong>gracia<\/strong>. Dios desea lo mejor para todos nosotros. Somos nosotros los que nos hemos distanciado de \u00c9l.<\/span><\/p>\n<h2><span style=\"color: #000000;\"><strong>RAZONES PODEROSAS PARA CREER EN LA SANIDAD<\/strong><\/span><\/h2>\n<p><span style=\"color: #000000;\"><em>Dios nos sana por amor<\/em>, eso est\u00e1 claro. En las\u00a0<strong>Escrituras<\/strong>\u00a0hay sinn\u00famero de alusiones a la\u00a0<strong>sanidad.<\/strong>\u00a0Y, tambi\u00e9n, promesas. Por esa raz\u00f3n le animamos a considerar varios pasajes que nos arrojan poderosas razones para creer que\u00a0<em>hay sanidad para nuestras vidas<\/em>, en consonancia \u2013claro est\u00e1\u2014con\u00a0<strong>la voluntad del Padre (1 Juan 5: 14, 15)<\/strong>:<\/span><\/p>\n<p style=\"padding-left: 40px;\"><span style=\"color: #000000;\"><strong>1.-<\/strong>\u00a0Si en la Biblia habla de sanidad divina, podemos tener la certeza de que Dios cumple sus promesas (<strong>Josu\u00e9 21: 45; 2 Corintios 1: 20; Filipenses 2. 13<\/strong>)<\/span><\/p>\n<p style=\"padding-left: 40px;\"><span style=\"color: #000000;\"><strong>2.<\/strong>\u2013 Dios es nuestro sanador (<strong>Salmo 91: 16<\/strong>)<\/span><\/p>\n<p style=\"padding-left: 40px;\"><span style=\"color: #000000;\"><strong>3.<\/strong>\u2013 Por la obra redentora, tenemos claro que Dios nos da vida (<strong>Romanos 8:11<\/strong>)<\/span><\/p>\n<p style=\"padding-left: 40px;\"><span style=\"color: #000000;\"><strong>4.-<\/strong>\u00a0Dios desea nuestra sanidad (<strong>Mateo 8: 2, 3<\/strong>)<\/span><\/p>\n<p style=\"padding-left: 40px;\"><span style=\"color: #000000;\"><strong>5.-<\/strong>\u00a0La voluntad de Dios para nuestra vida no es la enfermedad (<strong>\u00c9xodo 15: 26; 23: 25; Deuteronomio 7: 15; 30: 19; Marcos 16: 17, 18<\/strong>)<\/span><\/p>\n<p style=\"padding-left: 40px;\"><span style=\"color: #000000;\"><strong>6.-<\/strong>\u00a0Dios responde a la intercesi\u00f3n por los enfermos (<strong>Santiago 5: 16<\/strong>)<\/span><\/p>\n<p style=\"padding-left: 40px;\"><span style=\"color: #000000;\"><strong>7.-<\/strong>\u00a0Debemos permanecer firmes en la fe, aun cuando no veamos se\u00f1ales (<strong>Hebreos 10: 23; 11: 1<\/strong>)<\/span><\/p>\n<p style=\"padding-left: 40px;\"><span style=\"color: #000000;\"><strong>8.-<\/strong>\u00a0Dios quiere lo mejor para nosotros (<strong>Filipenses 2: 13<\/strong>)<\/span><\/p>\n<p style=\"padding-left: 40px;\"><span style=\"color: #000000;\"><strong>9.-<\/strong>\u00a0El Se\u00f1or Jes\u00fas se sacrific\u00f3 en la cruz para traernos sanidad (<strong>1 Pedro 2: 24<\/strong>)<\/span><\/p>\n<p style=\"padding-left: 40px;\"><span style=\"color: #000000;\"><strong>10.-<\/strong>\u00a0Dios quiere que experimentemos una vida plena, la que incluye la sanidad (<strong>Juan 10: 10<\/strong>)<\/span><\/p>\n<p style=\"padding-left: 40px;\"><span style=\"color: #000000;\"><strong>11.<\/strong>\u2013 La enfermedad no est\u00e1 en el plan de Dios para Su pueblo (<strong>Salmo 135: 37<\/strong>)<\/span><\/p>\n<p style=\"padding-left: 40px;\"><span style=\"color: #000000;\"><strong>12.-<\/strong>\u00a0En medio de la enfermedad acudimos a Dios en oraci\u00f3n, quien nos fortalece (<strong>2 Corintios 10: 4, 5; Efesios 6: 10, 13<\/strong>)<\/span><\/p>\n<p><span style=\"color: #000000;\">Por favor, tome nota de que no lo dice el hombre, sino\u00a0<strong>Dios.<\/strong>\u00a0Est\u00e1 consignado en las\u00a0<strong>Escrituras.<\/strong>\u00a0Y \u00c9l cumple lo que dice. Por esa raz\u00f3n, en medio de la\u00a0<strong>enfermedad<\/strong>,\u00a0<em>conf\u00ede en lo que har\u00e1 el Se\u00f1or en su vida<\/em>.<\/span><\/p>\n<h2><span style=\"color: #000000;\"><strong>DIOS SIGUE OBRANDO<\/strong><\/span><\/h2>\n<p><span style=\"color: #000000;\">Aclaro aqu\u00ed que no es Pedro, Juan o Mar\u00eda quienes obran milagros.\u00a0<strong>Es Dios y nadie m\u00e1s que \u00c9l.\u00a0<\/strong>A\u00a0<em>Dios toda la gloria<\/em>. Por esa raz\u00f3n resulta irrespetuosa la promoci\u00f3n de ciertos hombres y mujeres que se proclaman siervos de\u00a0<strong>Dios<\/strong>\u00a0y proclaman: \u201c<em>Este domingo, culto de milagros. Invitado: Pedro P\u00e9rez<\/em>\u201d<\/span><\/p>\n<p><span style=\"color: #000000;\">Esa es una manifestaci\u00f3n de egolatr\u00eda en la que no podemos caer. Lejos de nosotros, hoy y siempre. Quien debe ser glorificado es el Se\u00f1or, quien todav\u00eda sigue obrando:<\/span><\/p>\n<p style=\"padding-left: 40px;\"><span style=\"color: #000000;\"><em>\u00abLa mano del Se\u00f1or no se ha acortado para salvar; ni Su o\u00eddo se ha endurecido para o\u00edr. Pero las iniquidades de ustedes han hecho separaci\u00f3n entre ustedes y su Dios, y los pecados le han hecho esconder Su rostro para no escucharlos.\u00bb (Isa\u00edas 59: 1, 2; Hebreos 13: 8 | NBLA)<\/em><\/span><\/p>\n<p><span style=\"color: #000000;\">Dios viene en nuestra ayuda cuando clamamos a \u00c9l, porque es nuestro sanador:<\/span><\/p>\n<p style=\"padding-left: 40px;\"><span style=\"color: #000000;\"><em>\u201cPorque Yo te devolver\u00e9 la salud, y te sanar\u00e9 de tus heridas\u201d, declara el Se\u00f1or, \u201cPorque te han llamado la Desechada, diciendo: \u2018Esta es Si\u00f3n, nadie se preocupa por ella\u2019\u201d.\u201d (Jerem\u00edas 30: 17 | NBLA)<\/em><\/span><\/p>\n<p><span style=\"color: #000000;\">Es hora de volvernos a Dios en medio de la enfermedad. Creer en \u00c9l y su poder ilimitado. Pedirle que haga su voluntad en nuestras vidas. \u00c9l lo har\u00e1 (Cf.\u00a0<strong>1 Pedro 5: 6, 7; Romanos 8: 11<\/strong>)<\/span><\/p>\n<h2><span style=\"color: #000000;\"><strong>APR\u00d3PIESE DELA GRACIA<\/strong><\/span><\/h2>\n<p><span style=\"color: #000000;\">Si bien es cierto\u00a0<strong>el Se\u00f1or desea nuestra sanidad<\/strong>, tambi\u00e9n es cierto que\u00a0<strong>el prop\u00f3sito de Dios es perdonarnos de la maldad<\/strong>,\u00a0<em>en respuesta a nuestro arrepentimiento<\/em>\u00a0y extendernos\u00a0<strong>Su gracia amorosa<\/strong>\u00a0que nos libra de condenaci\u00f3n y nos concede vida eterna.<\/span><\/p>\n<p><span style=\"color: #000000;\">El\u00a0<strong>rey David<\/strong>\u00a0escribi\u00f3:<\/span><\/p>\n<p style=\"padding-left: 40px;\"><span style=\"color: #000000;\"><em>\u00abBendice, alma m\u00eda, al Se\u00f1or, y bendiga todo mi ser Su santo nombre. Bendice, alma m\u00eda, al Se\u00f1or, y no olvides ninguno de Sus beneficios.\u00a0 \u00c9l es el que perdona todas tus iniquidades, el que sana todas tus enfermedades; el que rescata de la fosa tu vida, el que te corona de bondad y compasi\u00f3n; el que colma de bienes tus a\u00f1os, para que tu juventud se renueve como el \u00e1guila. El Se\u00f1or hace justicia, y juicios a favor de todos los oprimidos.\u00bb (Salmo 103: 1-6 | NBLA)<\/em><\/span><\/p>\n<p><span style=\"color: #000000;\"><strong>Dios nos bendice con el perd\u00f3n<\/strong>, pero no nos obligar\u00e1. La decisi\u00f3n est\u00e1 en sus manos.\u00a0<strong>Apr\u00f3piese de la gracia divina<\/strong>. Este es el d\u00eda oportuno.\u00a0<em>\u00c9l lo limpiar\u00e1 de su maldad, por la obra redentora de Jesucristo en la cruz<\/em>. \u00c1brale las puertas de su coraz\u00f3n.<\/span><\/p>\n<p><strong><span style=\"color: #000000;\">@SalvosporlaGracia<\/span>\u00a0|\u00a0<\/strong><a href=\"https:\/\/sites.google.com\/view\/vidafamiliarco\" target=\"_blank\" rel=\"noopener\"><strong>\u00a9Fernando Alexis Jim\u00e9nez<\/strong><\/a><\/p>\n<p><span style=\"color: #000000;\">Lea m\u00e1s contenidos edificantes haciendo<\/span>\u00a0<a href=\"https:\/\/www.clippings.me\/fernandojimenez\" target=\"_blank\" rel=\"noopener\"><strong>Clic Aqu\u00ed<\/strong><\/a><\/p>\n<p><iframe title=\"Spotify Embed: Programa Vida Familiar\" style=\"border-radius: 12px\" width=\"100%\" height=\"152\" frameborder=\"0\" allowfullscreen allow=\"autoplay; clipboard-write; encrypted-media; fullscreen; picture-in-picture\" loading=\"lazy\" src=\"https:\/\/open.spotify.com\/embed\/show\/7vnneIFpfQh475Tw2qvmZD?utm_source=oembed\"><\/iframe><\/p>\n","protected":false},"excerpt":{"rendered":"<p>La mano de Dios no se ha acortado. \u00c9l sigue siendo igual por los siglos. Sigue obrando sanidad. Este es el d\u00eda oportuno para rendirnos a Su poder. Entregarle nuestra ansiedad o dolor. \u00c9l obra con poder. Fernando Alexis Jim\u00e9nez | Editor del blog SalvosporlaGracia.com El olor penetrante a medicina, la luz blanca encendida por&#8230;<\/p>\n","protected":false},"author":2,"featured_media":2556,"comment_status":"closed","ping_status":"closed","sticky":false,"template":"","format":"standard","meta":{"_kadence_starter_templates_imported_post":false,"footnotes":""},"categories":[18],"tags":[],"class_list":["post-2555","post","type-post","status-publish","format-standard","has-post-thumbnail","hentry","category-analisis"],"_links":{"self":[{"href":"https:\/\/www.familiassolidas.com\/site\/wp-json\/wp\/v2\/posts\/2555","targetHints":{"allow":["GET"]}}],"collection":[{"href":"https:\/\/www.familiassolidas.com\/site\/wp-json\/wp\/v2\/posts"}],"about":[{"href":"https:\/\/www.familiassolidas.com\/site\/wp-json\/wp\/v2\/types\/post"}],"author":[{"embeddable":true,"href":"https:\/\/www.familiassolidas.com\/site\/wp-json\/wp\/v2\/users\/2"}],"replies":[{"embeddable":true,"href":"https:\/\/www.familiassolidas.com\/site\/wp-json\/wp\/v2\/comments?post=2555"}],"version-history":[{"count":0,"href":"https:\/\/www.familiassolidas.com\/site\/wp-json\/wp\/v2\/posts\/2555\/revisions"}],"wp:featuredmedia":[{"embeddable":true,"href":"https:\/\/www.familiassolidas.com\/site\/wp-json\/wp\/v2\/media\/2556"}],"wp:attachment":[{"href":"https:\/\/www.familiassolidas.com\/site\/wp-json\/wp\/v2\/media?parent=2555"}],"wp:term":[{"taxonomy":"category","embeddable":true,"href":"https:\/\/www.familiassolidas.com\/site\/wp-json\/wp\/v2\/categories?post=2555"},{"taxonomy":"post_tag","embeddable":true,"href":"https:\/\/www.familiassolidas.com\/site\/wp-json\/wp\/v2\/tags?post=2555"}],"curies":[{"name":"wp","href":"https:\/\/api.w.org\/{rel}","templated":true}]}}