{"id":2467,"date":"2024-08-24T00:28:55","date_gmt":"2024-08-24T05:28:55","guid":{"rendered":"https:\/\/www.familiassolidas.com\/site\/?p=2467"},"modified":"2024-09-06T07:16:34","modified_gmt":"2024-09-06T12:16:34","slug":"tiene-sentido-nuestra-vida","status":"publish","type":"post","link":"https:\/\/www.familiassolidas.com\/site\/archivos\/2467","title":{"rendered":"\u00bfTiene sentido nuestra vida?"},"content":{"rendered":"<h2 style=\"text-align: center;\"><span style=\"color: #800000;\">Puede que est\u00e9 enfrentando hoy profundas crisis. Considera que se encuentra al borde de un abismo o quiz\u00e1, al final de una encrucijada. No sabe qu\u00e9 hacer. Inclusive, ha pensado en el suicidio. \u00bfQu\u00e9 hacer? Compartimos con usted una ense\u00f1anza transformadora, en la que Dios es quien trae sentido y prop\u00f3sito a su existencia.<\/span><\/h2>\n<hr \/>\n<p style=\"text-align: center;\"><span style=\"color: #000000;\"><a href=\"https:\/\/sites.google.com\/view\/salvosporgracia\" target=\"_blank\" rel=\"noopener\"><strong>Fernando Alexis Jim\u00e9nez<\/strong> <\/a>| Director de Familias S\u00f3lidas<\/span><\/p>\n<hr \/>\n<p><span style=\"color: #000000;\">Uno de los m\u00e1s recientes informes de la <strong>Organizaci\u00f3n de las Naciones Unidas<\/strong> encendi\u00f3 las se\u00f1ales de alarma al advertir sobre el incremento en las tasas de suicidios. A trav\u00e9s de la Organizaci\u00f3n Panamericana de Salud reconoce que el volumen de quienes se quitan anualmente la vida en Am\u00e9rica Latina, raya los 100 mil casos.<\/span><\/p>\n<p><span style=\"color: #000000;\">Alrededor del 70% son hombres y un 30% mujeres. Uno de los detonantes fue la pandemia de Covid 19.<\/span><\/p>\n<p><span style=\"color: #000000;\">En la revista m\u00e9dica <strong>The Lancet<\/strong> un nuevo estudio destaca la importancia de tener en cuenta los determinantes sociales del suicidio, de acuerdo con el sexo de las personas, para desarrollar planes de reducci\u00f3n del riesgo y estrategias preventivas adecuadas. El asunto es prioritario.<\/span><\/p>\n<p><span style=\"color: #000000;\">Hay m\u00faltiples desencadenantes: el consumo de alcohol y otras sustancias, la desigualdad educativa, estados depresivos, una auto estima afectada e, incluso, un alto n\u00famero de personas que consideren que su vida no tiene sentido.<\/span><\/p>\n<h2><span style=\"color: #000000;\"><strong>LIBRES DE LA ESCLAVITUD<\/strong><\/span><\/h2>\n<p><span style=\"color: #000000;\"><strong>Omar Bin Omran<\/strong>, desapareci\u00f3 sin dejar rastro en 1997, cuando ten\u00eda 17 a\u00f1os. Para aquella \u00e9poca, <strong>Argelia<\/strong> atravesaba una guerra civil, hecho hist\u00f3rico que trajo consigo un espiral de violencia entre el gobierno y diferentes grupos islamistas.<\/span><\/p>\n<p><span style=\"color: #000000;\">Como consecuencia del panorama nacional, la familia de Omar crey\u00f3 que hab\u00eda sido una m\u00e1s de las v\u00edctimas del conflicto. La historia tendr\u00eda su desenlace 27 a\u00f1os despu\u00e9s, cuando el joven fuera encontrado en el s\u00f3tano de su vecino a la edad de 45 a\u00f1os. Su rescate se produjo el 17 de mayo de 2024.<\/span><\/p>\n<p><span style=\"color: #000000;\">Lo hallaron bajo un pajar, a tan solo 200 metros del lugar en el que originalmente desapareci\u00f3. El sospechoso es un hombre de 61 a\u00f1os que intent\u00f3 huir, sin embargo, fue inmovilizado, arrestado y actualmente se encuentra bajo investigaci\u00f3n.<\/span><\/p>\n<p><span style=\"color: #000000;\">Omar dijo a las autoridades que, a pesar de que en diversas ocasiones hab\u00eda visto a su familia desde el lugar en el que se encontraba en cautiverio, no se atrevi\u00f3 a pedir ayuda ya que su secuestrador lo hab\u00eda convencido de que \u201c<em>se encontraba bajo un hechizo m\u00e1gico<\/em>\u201d. Su falleci\u00f3 en el a\u00f1o 2013, sin saber que su hijo en realidad se encontraba vivo.<\/span><\/p>\n<h2><span style=\"color: #000000;\"><strong>LIBRES DEL ENGA\u00d1O<\/strong><\/span><\/h2>\n<p><span style=\"color: #000000;\">Por muchos a\u00f1os Satan\u00e1s nos ha mantenido atados al enga\u00f1o, como ocurr\u00eda con el secuestrador de <strong>Omar Bin Omran. <\/strong>Nos ha venido la idea de que nuestra vida no tiene sentido y nos hemos cre\u00eddo sus mentiras.<\/span><\/p>\n<p><span style=\"color: #000000;\">Nuestro <strong>Salvador Jesucristo <\/strong>comparti\u00f3 una maravillosa ense\u00f1anza de la que debemos apropiarnos hoy:<\/span><\/p>\n<p style=\"padding-left: 40px;\"><span style=\"color: #000000;\"><em>\u201cEntonces Jes\u00fas dec\u00eda a los jud\u00edos que hab\u00edan cre\u00eddo en \u00c9l: \u00abSi ustedes permanecen en Mi palabra, verdaderamente son Mis disc\u00edpulos; y conocer\u00e1n la verdad, y la verdad los har\u00e1 libres\u00bb. Ellos le contestaron: \u00abSomos descendientes de Abraham y nunca hemos sido esclavos de nadie. \u00bfC\u00f3mo dices T\u00fa: \u201cSer\u00e1n libres\u201d?\u00bb. Jes\u00fas les respondi\u00f3: \u00abEn verdad les digo que todo el que comete pecado es esclavo del pecado; y el esclavo no queda en la casa para siempre; el hijo s\u00ed permanece para siempre. As\u00ed que, si el Hijo los hace libres, ustedes ser\u00e1n realmente libres. S\u00e9 que ustedes son descendientes de Abraham; y sin embargo, me quieren matar porque Mi palabra no tiene aceptaci\u00f3n en ustedes. Yo hablo lo que he visto con Mi Padre; ustedes, entonces, hacen tambi\u00e9n lo que oyeron de su padre\u00bb. (Juan 8:31-38 | NBLA)<\/em><\/span><\/p>\n<p><span style=\"color: #000000;\">Los jud\u00edos proclamaban ser poseedores de la verdad, como nos ocurre como consecuencia del orgullo y el deseo de hacer las cosas a nuestra manera. Pese a ello, nos mantenemos atados al pecado, bajo el enga\u00f1o del adversario espiritual. Quien nos hace libres, rompiendo las cadenas, es Jes\u00fas. No es porque lo merezcamos, sino porque nos ama. Es decir, por <strong>gracia<\/strong>. Una demostraci\u00f3n del amor divino por los pecadores, a quienes desea libertar.<\/span><\/p>\n<p><span style=\"color: #000000;\">En ese orden de ideas, una de las ideas sat\u00e1nicas que debemos desechar, es la que nos lleva a pensar que nuestra existencia no tiene ni sentido ni prop\u00f3sito.<\/span><\/p>\n<p><span style=\"color: #000000;\">Al escribir a los creyentes del primer siglo, el <strong>ap\u00f3stol Pedro<\/strong> explica:<\/span><\/p>\n<p style=\"padding-left: 40px;\"><span style=\"color: #000000;\"><em>\u201cBendito sea el Dios y Padre de nuestro Se\u00f1or Jesucristo, quien seg\u00fan Su gran misericordia, nos ha hecho nacer de nuevo a una esperanza viva, mediante la resurrecci\u00f3n de Jesucristo de entre los muertos, para obtener una herencia incorruptible, inmaculada, y que no se marchitar\u00e1, reservada en los cielos para ustedes&#8230; Ustedes saben que no fueron redimidos de su vana manera de vivir heredada de sus padres con cosas perecederas como oro o plata, sino con sangre preciosa, como de un cordero sin tacha y sin mancha: la sangre de Cristo.\u201d (1 Pedro 1:3, 4, 18, 19 | NBLA)<\/em><\/span><\/p>\n<p><span style=\"color: #000000;\"><strong>La gracia es un favor inmerecido de Dios<\/strong>. Nos permite ser salvos y tener vida eterna en Jesucristo. Todos tenemos fallas y deficiencias, y nadie puede decir realmente que ha vivido una vida tal que le haga merecer el favor inmerecido de Dios. Su gracia no se basa en nada que podamos hacer:<\/span><\/p>\n<p style=\"padding-left: 40px;\"><span style=\"color: #000000;\"><em>\u00abY, si es por gracia, ya no es por obras; porque en tal caso la gracia ya no ser\u00eda gracia.\u00bb (Romanos 11: 6).<\/em><\/span><\/p>\n<p><span style=\"color: #000000;\">Su vida s\u00ed tiene sentido y, quien le da ese sentido y prop\u00f3sito, es Dios mismo. Desarrollar intimidad con \u00c9l, en el caminar diario.<\/span><\/p>\n<hr \/>\n<p style=\"padding-left: 40px;\"><span style=\"color: #000000;\">Tambi\u00e9n pueden interesarle los siguientes art\u00edculos:<\/span><\/p>\n<ul>\n<li><strong><a href=\"https:\/\/salvosporlagracia.wordpress.com\/2024\/09\/02\/firmes-en-una-sociedad-inmoral\/\" target=\"_blank\" rel=\"noopener\">Firmes en Cristo frente a la inmoralidad<\/a><\/strong><\/li>\n<li><strong><a href=\"https:\/\/revistavidafamiliar.wordpress.com\/2024\/09\/06\/puertas-abiertas-a-los-milagros\/\" target=\"_blank\" rel=\"noopener\">Dios nos abre puertas para los milagros<\/a><\/strong><\/li>\n<\/ul>\n<hr \/>\n<h2><span style=\"color: #000000;\"><strong>VIVIMOS Y SOMOS DE DIOS Y PARA DIOS<\/strong><\/span><\/h2>\n<p><span style=\"color: #000000;\">Usted no es un accidente del universo. Tampoco, fruto de la improvisaci\u00f3n. Vive porque as\u00ed lo dispuso Dios, luego hay un sentido y prop\u00f3sito para su ser. El <strong>ap\u00f3stol Pablo<\/strong> lo explica en los siguientes t\u00e9rminos:<\/span><\/p>\n<p style=\"padding-left: 40px;\"><span style=\"color: #000000;\"><em>\u201cPorque ninguno de nosotros vive para s\u00ed mismo, y ninguno muere para s\u00ed mismo. Pues si vivimos, para el Se\u00f1or vivimos, y si morimos, para el Se\u00f1or morimos. Por tanto, ya sea que vivamos o que muramos, del Se\u00f1or somos. Porque para esto Cristo muri\u00f3 y resucit\u00f3, para ser Se\u00f1or tanto de los muertos como de los vivos.\u201d (Romanos 14: 7-9 | NBLA)<\/em><\/span><\/p>\n<p><span style=\"color: #000000;\">El <strong>reformador, Juan Calvino (1509-1564)<\/strong> escribi\u00f3 unas palabras alentadoras:<\/span><\/p>\n<p style=\"padding-left: 40px;\"><span style=\"color: #000000;\"><em>\u201cNo nos pertenecemos, as\u00ed que no establezcamos como meta buscar lo que m\u00e1s nos conviene\u2026 No nos pertenecemos, as\u00ed es que olvid\u00e9monos de nosotros mismos y de todo lo que consideramos nuestra, tanto como nos sea posible. Por el contrario, le pertenecemos a Dios, por tanto, vivamos para \u00c9l y muramos por \u00c9l. Le pertenecemos a Dios: permitamos que entonces que Su sabidur\u00eda y Su voluntad gobiernen nuestras acciones.\u201d<\/em><\/span><\/p>\n<p><span style=\"color: #000000;\">Nuestro Padre no est\u00e1 improvisando. Tiene pleno control de todo el universo. Cuando nos rendimos a \u00c9l, nos gu\u00eda por el camino apropiado, para cumplir ese prop\u00f3sito maravilloso y realizador con el que nos cre\u00f3.<\/span><\/p>\n<p><span style=\"color: #000000;\">El escritor y te\u00f3logo<strong>, Timothy Keller (1950-2023)<\/strong>, anot\u00f3 lo siguiente:<\/span><\/p>\n<p style=\"padding-left: 40px;\"><span style=\"color: #000000;\"><em>\u201cEl motivo b\u00e1sico por el que Dios envi\u00f3 a Su Hijo Jes\u00fas para salvarnos, es por gracia y para adoptarnos en Su familia. As\u00ed que ahora debido a esa gracia, por gratitud, queremos parecernos a nuestro Padre. Queremos parecernos a nuestra familia. Queremos vernos como nuestro Salvador\u2026 no debe haber ninguna parte de nuestra vida que no le hayamos entregado. Debemos entregarnos por completo, en cuerpo y alma. Significa que confiamos en Dios en la abundancia y en la escasez, en los tiempos buenos y en los tiempos malos, en la vida y en la muerte.\u201d<\/em><\/span><\/p>\n<p><span style=\"color: #000000;\">Si hay un prop\u00f3sito con el que nos cre\u00f3 el Se\u00f1or y nos alineamos con ese prop\u00f3sito, estaremos dando pasos s\u00f3lidos hacia la realizaci\u00f3n plena. Eso no significa que no saldr\u00e1n al paso dificultades. Por supuesto que s\u00ed, porque el enemigo querr\u00e1 ponernos tropiezo. Pero por la gracia y el poder de Jesucristo, somos m\u00e1s que vencedores.<\/span><\/p>\n<h2><span style=\"color: #000000;\"><strong>EN DIOS HAY SENTIDO Y PROP\u00d3SITO<\/strong><\/span><\/h2>\n<p><span style=\"color: #000000;\">Sin Dios, nuestra vida es vac\u00eda. Eso explica a millares de personas buscando experiencias religiosas e, incluso, cayendo en terribles errores.<\/span><\/p>\n<p><span style=\"color: #000000;\"><strong>En Dios hay transformaci\u00f3n y crecimiento.<\/strong> Responde a todos nuestros interrogantes y llena esos vac\u00edos que nos asisten y que, quiz\u00e1, nos llevan a la desesperanza. As\u00ed lo describe el salmista:<\/span><\/p>\n<p style=\"padding-left: 40px;\"><span style=\"color: #000000;\"><em>\u201cInclina, oh Se\u00f1or, Tu o\u00eddo y resp\u00f3ndeme, porque estoy afligido y necesitado. Guarda mi alma, pues soy piadoso; t\u00fa eres mi Dios; salva a Tu siervo que en Ti conf\u00eda. Ten piedad de m\u00ed, oh Se\u00f1or, porque a Ti clamo todo el d\u00eda. Alegra el alma de Tu siervo, porque a Ti, oh Se\u00f1or, elevo mi alma. Pues T\u00fa, Se\u00f1or, eres bueno y perdonador, abundante en misericordia para con todos los que te invocan. Escucha, oh Se\u00f1or, mi oraci\u00f3n, y atiende a la voz de mis s\u00faplicas. En el d\u00eda de la angustia te invocar\u00e9, porque T\u00fa me responder\u00e1s. Ens\u00e9\u00f1ame, oh Se\u00f1or, Tu camino; andar\u00e9 en Tu verdad; unifica mi coraz\u00f3n para que tema Tu nombre.\u201d (Salmo 86:1-7, 11 | NBLA)<\/em><\/span><\/p>\n<p><span style=\"color: #000000;\">El te\u00f3logo canadiense, <strong>Donald Arthur Carson<\/strong>, considera que tener una experiencia personal con Dios, nos permite conocer vislumbres de Su grandeza, que impacta nuestra vida:<\/span><\/p>\n<p style=\"padding-left: 40px;\"><span style=\"color: #000000;\"><em>\u201c\u2026 estamos hablando del Dios de la Biblia, y el Dios de la Biblia se define a s\u00ed mismo. \u00c9l nos dice que es eterno y justo. \u00c9l es Dios de amor. \u00c9l es Dios trascendente; es decir, est\u00e1 por encima del espacio, del tiempo y de la historia. Sin embargo, \u00c9l es Dios inmanente, es decir, est\u00e1 tan cerca de nosotros que no podemos escapar de \u00c9l. Est\u00e1 en todo lugar. Es inmutable. Es confiable. Es personal.\u201d<\/em><\/span><\/p>\n<p><span style=\"color: #000000;\">En su vida hay un <strong>vac\u00edo <\/strong>que <strong>solamente Dios<\/strong> puede llenar. Y \u00c9l quiere hacerlo, por gracia. No porque usted lo merezca.<\/span><\/p>\n<h2><span style=\"color: #000000;\"><strong>ES HORA DE EMPEZAR UNA NUEVA VIDA<\/strong><\/span><\/h2>\n<p><span style=\"color: #000000;\">Desconocemos c\u00f3mo es su vida hoy. Probablemente enfrenta dificultades o le asalta la sensaci\u00f3n de que no vale la pena vivir. Quiz\u00e1 muchas veces ha pensado en quitarse la vida. El suicidio es una posibilidad que acaricia con frecuencia.<\/span><\/p>\n<p><span style=\"color: #000000;\">En medio de este laberinto sin salida en el que se han convertido sus d\u00edas, hay esperanza. Est\u00e1 en <strong>Dios<\/strong>. \u00c9l desea ayudarle, ofrecerle una salida a la encrucijada. No es porque usted lo merezca, ya que sus pecados lo separan de \u00c9l. <strong>Es por gracia<\/strong>, porque <strong>Dios le ama<\/strong>.<\/span><\/p>\n<p><span style=\"color: #000000;\">Jesucristo muri\u00f3 por sus pecados en la cruz. Perdon\u00f3 sus pecados y le asegura, no solamente una vida con sentido y prop\u00f3sito, sino tambi\u00e9n, la vida eterna. \u00c1brale hoy las puertas de su coraz\u00f3n. Es la mejor decisi\u00f3n que pueda tomar.<\/span><\/p>\n<hr \/>\n<p style=\"text-align: center;\">Escuche las transmisiones diarias de <strong>Vida Familiar<\/strong>, con <strong>Fernando Alexis Jim\u00e9nez<\/strong>.<br \/>\n<iframe loading=\"lazy\" style=\"border: 1px solid #FFFFFF;\" src=\"https:\/\/www.ivoox.com\/player_es_podcast_551530_zp_1.html\" width=\"100%\" height=\"400\" frameborder=\"0\" scrolling=\"no\" allowfullscreen=\"allowfullscreen\"><\/iframe><\/p>\n","protected":false},"excerpt":{"rendered":"<p>Puede que est\u00e9 enfrentando hoy profundas crisis. Considera que se encuentra al borde de un abismo o quiz\u00e1, al final de una encrucijada. No sabe qu\u00e9 hacer. Inclusive, ha pensado en el suicidio. \u00bfQu\u00e9 hacer? Compartimos con usted una ense\u00f1anza transformadora, en la que Dios es quien trae sentido y prop\u00f3sito a su existencia. Fernando&#8230;<\/p>\n","protected":false},"author":2,"featured_media":2468,"comment_status":"closed","ping_status":"closed","sticky":false,"template":"","format":"standard","meta":{"_kadence_starter_templates_imported_post":false,"footnotes":""},"categories":[18],"tags":[],"class_list":["post-2467","post","type-post","status-publish","format-standard","has-post-thumbnail","hentry","category-analisis"],"_links":{"self":[{"href":"https:\/\/www.familiassolidas.com\/site\/wp-json\/wp\/v2\/posts\/2467","targetHints":{"allow":["GET"]}}],"collection":[{"href":"https:\/\/www.familiassolidas.com\/site\/wp-json\/wp\/v2\/posts"}],"about":[{"href":"https:\/\/www.familiassolidas.com\/site\/wp-json\/wp\/v2\/types\/post"}],"author":[{"embeddable":true,"href":"https:\/\/www.familiassolidas.com\/site\/wp-json\/wp\/v2\/users\/2"}],"replies":[{"embeddable":true,"href":"https:\/\/www.familiassolidas.com\/site\/wp-json\/wp\/v2\/comments?post=2467"}],"version-history":[{"count":0,"href":"https:\/\/www.familiassolidas.com\/site\/wp-json\/wp\/v2\/posts\/2467\/revisions"}],"wp:featuredmedia":[{"embeddable":true,"href":"https:\/\/www.familiassolidas.com\/site\/wp-json\/wp\/v2\/media\/2468"}],"wp:attachment":[{"href":"https:\/\/www.familiassolidas.com\/site\/wp-json\/wp\/v2\/media?parent=2467"}],"wp:term":[{"taxonomy":"category","embeddable":true,"href":"https:\/\/www.familiassolidas.com\/site\/wp-json\/wp\/v2\/categories?post=2467"},{"taxonomy":"post_tag","embeddable":true,"href":"https:\/\/www.familiassolidas.com\/site\/wp-json\/wp\/v2\/tags?post=2467"}],"curies":[{"name":"wp","href":"https:\/\/api.w.org\/{rel}","templated":true}]}}