{"id":1737,"date":"2026-01-06T00:29:25","date_gmt":"2026-01-06T05:29:25","guid":{"rendered":"https:\/\/www.familiassolidas.com\/site\/?p=1737"},"modified":"2025-08-16T20:17:43","modified_gmt":"2025-08-17T01:17:43","slug":"que-ocurre-en-nuestra-vida-cuando-conocemos-la-gracia-de-dios","status":"publish","type":"post","link":"https:\/\/www.familiassolidas.com\/site\/archivos\/1737","title":{"rendered":"\u00bfQu\u00e9 ocurre en nuestra vida cuando conocemos la gracia de Dios?  \u00a0"},"content":{"rendered":"<p style=\"text-align: left; padding-left: 40px;\"><span style=\"color: #800000; font-size: 18px;\"><strong>Cuando llegamos a conocer la gracia de Dios, emprendemos un proceso de transformaci\u00f3n permanente, en el que Dios nos ayuda. Conozca por qu\u00e9 razones.<\/strong><\/span><\/p>\n<hr \/>\n<p style=\"text-align: center;\"><strong><a href=\"https:\/\/bit.ly\/FAJ\" target=\"_blank\" rel=\"noopener\">Fernando Alexis Jim\u00e9nez<\/a><\/strong> | <span style=\"color: #000000;\">Misi\u00f3n Edificando Familias S\u00f3lidas<\/span><\/p>\n<hr \/>\n<p><span style=\"color: #000000;\">Cuando un hombre u mujer alcanzan a dimensionar en su verdadera proporci\u00f3n lo que significa la <strong>gracia de Dios<\/strong>, abren las puertas para que \u00c9l obre en sus vidas y, as\u00ed, avanzan en un proceso de transformaci\u00f3n con pasos firmes. Experimentar cambio y crecimiento es un asunto progresivo, no se logra en un abrir y cerrar de ojos.<\/span><\/p>\n<p><span style=\"color: #000000;\">Los creyentes de \u00c9feso <em>caminaron esa ruta, paso a paso<\/em>. Probablemente no se daban cambio de los ajustes en su forma de pensar y actuar, pero eran evidentes a los ojos de quienes les rodeaban. Igual con nosotros. Quienes se encuentran en el entorno, ver\u00e1n que hay un <strong><em>algo especial<\/em><\/strong> en nuestro ser.<\/span><\/p>\n<p><span style=\"color: #000000;\">Las noticias del crecimiento sostenido en los nuevos creyentes llegaron pronto, aspecto que resalt\u00f3 en su misiva:<\/span><\/p>\n<p style=\"padding-left: 40px;\"><span style=\"color: #000000;\"><strong><em>\u201c<\/em><\/strong><strong><em>Por eso yo, por mi parte, desde que me enter\u00e9 de la fe que tienen en el Se\u00f1or Jes\u00fas y del amor que demuestran por todos los creyentes, no he dejado de dar gracias por ustedes al recordarlos en mis oraciones.<\/em><\/strong><strong><em>\u201d (Efesios 1: 15, 16 | NVI)<\/em><\/strong><\/span><\/p>\n<p><span style=\"color: #000000;\">Las transformaciones en su caminar diario con Jes\u00fas, saltaban a la vista.<\/span><\/p>\n<p><span style=\"color: #000000;\"><strong>Roby Davidson<\/strong> es una australiana que en su temprana juventud decidi\u00f3 internarse en el desierto de su pa\u00eds, recorrer cerca de 2500 kil\u00f3metros en medio de arena y dunas, para <em>encontrarse consigo misma<\/em>, como argumentaba. Comenz\u00f3 el viaje en <strong>1973<\/strong>.<\/span><\/p>\n<p><span style=\"color: #000000;\">En su trasegar solo la acompa\u00f1aban su fiel perro y cuatro camellos. Su desplazamiento fue registrado por <strong>Rick Smolan<\/strong>, de la <strong>National Geographic<\/strong>.<\/span><\/p>\n<p><span style=\"color: #000000;\">Uno de los momentos emotivos es cuando pierde la br\u00fajula que le hab\u00eda regalado su madre. Descubri\u00f3 que, en adelante, estar\u00eda perdida. Por ese motivo, volvi\u00f3 atr\u00e1s en sus pasos hasta hallarla y reemprender el viaje.<\/span><\/p>\n<p><span style=\"color: #000000;\">Igual con nuestra vida. Es necesario hace un alto en el camino. Evaluar en qu\u00e9 hemos crecido y qu\u00e9 aspectos debemos mejorar. Es posible con ayuda de Dios.<\/span><\/p>\n<h2 style=\"padding-left: 40px;\"><span style=\"color: #000000;\"><strong>NO SE DESANIME, EST\u00c1 AVANZANDO<\/strong><\/span><\/h2>\n<p><span style=\"color: #000000;\">Ser cristiano no es una competencia con otros <strong>creyentes.<\/strong> Tampoco est\u00e1 asociado a la pertenencia de tal o cual denominaci\u00f3n. <strong>Ser cristiano es vivir a Cristo<\/strong>. Tornarlo real en nuestro ser.<\/span><\/p>\n<p><span style=\"color: #000000;\">De los cambios que vivenciamos, no nos daremos cuenta hasta tanto hagamos un alto en el camino.<\/span><\/p>\n<p><span style=\"color: #000000;\">Dos distintivos que es probable corroboran su andar con Cristo son:<\/span><\/p>\n<ul>\n<li><span style=\"color: #000000;\">El amor (<strong>1 Juan 4:20, Juan 13:14 y Juan 13:34-35<\/strong>).<\/span><\/li>\n<li><span style=\"color: #000000;\">La fe (<strong>Hebreos 12: 1<\/strong>)<\/span><\/li>\n<\/ul>\n<p><span style=\"color: #000000;\">De la mano con esos dos distintivos de vida, desde la perspectiva de Pablo, se encontraban en una primera etapa del crecimiento diario: dar nuevos pasos en el prop\u00f3sito de conocer a Dios.<\/span><\/p>\n<p style=\"padding-left: 40px;\"><span style=\"color: #000000;\"><strong><em>\u201c<\/em><\/strong><strong><em>Pido que el Dios de nuestro Se\u00f1or Jesucristo, el Padre glorioso, les d\u00e9 el Esp\u00edritu de sabidur\u00eda y de revelaci\u00f3n, para que lo conozcan mejor.<sup>\u00a0<\/sup>Pido tambi\u00e9n que les sean iluminados los ojos del coraz\u00f3n para que sepan a qu\u00e9 esperanza \u00e9l los ha llamado, cu\u00e1l es la riqueza de su gloriosa herencia entre pueblo santo,\u00a0y cu\u00e1n incomparable es la grandeza de su poder a favor de los que creemos. Ese poder es la fuerza grandiosa y eficaz\u00a0que Dios ejerci\u00f3 en Cristo cuando lo resucit\u00f3 de entre los muertos y lo sent\u00f3 a su derecha en las regiones celestiales, muy por encima de todo gobierno y autoridad, poder y dominio, y de cualquier otro nombre que se invoque, no solo en este mundo, sino tambi\u00e9n en el venidero.<\/em><\/strong><strong><em>\u201d (Efesios 1: 17-21 | NVI)<\/em><\/strong><\/span><\/p>\n<p><span style=\"color: #000000;\">Es un pasaje maravilloso que nos muestra de qu\u00e9 manera, progresivamente, vamos conociendo a Dios. Al igual que el cambio, no es de la noche a la ma\u00f1ana. Es un proceso, paso a paso, un d\u00eda a la vez. Igual, la revelaci\u00f3n del Padre y de su gracia infinita hacia nosotros.<\/span><\/p>\n<p><iframe title=\"Spotify Embed: Fortalezca su vida familiar | Podcast\" style=\"border-radius: 12px\" width=\"100%\" height=\"152\" frameborder=\"0\" allowfullscreen allow=\"autoplay; clipboard-write; encrypted-media; fullscreen; picture-in-picture\" loading=\"lazy\" src=\"https:\/\/open.spotify.com\/embed\/show\/7vnneIFpfQh475Tw2qvmZD?utm_source=oembed\"><\/iframe><\/p>\n<p><span style=\"color: #000000;\"><strong>Charles Spurgeon (1834-1892),<\/strong> llamado el pr\u00edncipe de los predicadores, escribi\u00f3:<\/span><\/p>\n<p style=\"padding-left: 40px;\"><span style=\"color: #000000;\"><em>\u201cAlguien ha dicho que \u2018el estudio adecuado de la humanidad es el hombre\u2019. No me opondr\u00e9 a la idea, pero creo que es igualmente cierto que el estudio adecuado de los elegidos de Dios es Dios; el estudio apropiado de un cristiano es la Deidad. La ciencia m\u00e1s elevada, la especulaci\u00f3n m\u00e1s sublime, la filosof\u00eda m\u00e1s poderosa que puede atraer la atenci\u00f3n de un hijo de Dios, es el nombre, la naturaleza, la persona, la obra, los hechos y la existencia del gran Dios a quien \u00e9l llama su Padre\u201d.<\/em><\/span><\/p>\n<p><span style=\"color: #000000;\">Conforme vamos conociendo a Dios, tenemos comprensi\u00f3n del amor que nos tiene y de lo que trae <strong>Su gracia<\/strong>, perdonando los errores de los que somos conscientes y nos arrepentimos.<\/span><\/p>\n<p><span style=\"color: #000000;\">Por supuesto, el enemigo nos atacar\u00e1, poniendo \u00e9nfasis en los errores en que incurrimos. No obstante, cuando estamos seguros de la gracia, no nos detenemos, sino que avanzamos.<\/span><\/p>\n<p><span style=\"color: #000000;\"><img loading=\"lazy\" decoding=\"async\" class=\"aligncenter wp-image-1740 size-large\" src=\"https:\/\/www.familiassolidas.com\/site\/wp-content\/uploads\/Img2-1-1024x682.jpg\" alt=\"\" width=\"640\" height=\"426\" srcset=\"https:\/\/www.familiassolidas.com\/site\/wp-content\/uploads\/Img2-1-1024x682.jpg 1024w, https:\/\/www.familiassolidas.com\/site\/wp-content\/uploads\/Img2-1-500x333.jpg 500w, https:\/\/www.familiassolidas.com\/site\/wp-content\/uploads\/Img2-1.jpg 1100w\" sizes=\"auto, (max-width: 640px) 100vw, 640px\" \/><\/span><\/p>\n<h2 style=\"padding-left: 40px;\"><span style=\"color: #000000;\"><strong>COMPRENDER LA OBRA REDENTORA DE JES\u00daS<\/strong><\/span><\/h2>\n<p><span style=\"color: #000000;\">De la mano con el progresivo conocimiento de Dios, nuestra comprensi\u00f3n de <strong>Jes\u00fas el Se\u00f1or<\/strong> y de su obra.<\/span><\/p>\n<p><span style=\"color: #000000;\">Pablo escribe:<\/span><\/p>\n<p style=\"padding-left: 40px;\"><span style=\"color: #000000;\"><strong><em>\u201c<\/em><\/strong><strong><em>Dios someti\u00f3 todas las cosas al dominio de Cristo<\/em><\/strong><strong><em>\u00a0lo dio como cabeza de todo a la iglesia.\u00a0 Esta, que es su cuerpo, es la plenitud de aquel que lo llena todo por completo.<\/em><\/strong><strong><em>\u201d (Efesios 1: 22-23 | NVI)<\/em><\/strong><\/span><\/p>\n<p><span style=\"color: #000000;\">Los creyentes en \u00c9feso iban avanzando poco a poco. Un crecimiento, puede que lento, pero firme.<\/span><\/p>\n<p><span style=\"color: #000000;\">Ese mismo debe ser nuestro ritmo como cristianos, tanto en la relaci\u00f3n con Dios, con el c\u00f3nyuge y con los hijos. Cambiar, crecer y avanzar.<\/span><\/p>\n<p><span style=\"color: #000000;\">No es por m\u00e9ritos propios, sino por la gracia divina, la que nos permite arrepentirnos, pedir perd\u00f3n y emprender una nueva vida. Est\u00e1 nueva vida esta a su disposici\u00f3n hoy.<\/span><\/p>\n<hr \/>\n<p style=\"padding-left: 40px;\"><span style=\"color: #000000;\"><strong>Fernando Alexis Jim\u00e9nez sirve a Dios en la Misi\u00f3n Edificando Familias S\u00f3lidas. Transmite el Programa Vida Familiar y, desde el 2016, dirige el Instituto B\u00edblico Ministerial.<\/strong><\/span><\/p>\n<hr \/>\n<p><iframe loading=\"lazy\" style=\"border: 1px solid #FFFFFF;\" src=\"https:\/\/www.ivoox.com\/player_es_podcast_926201_zp_1.html\" width=\"100%\" height=\"400\" frameborder=\"0\" scrolling=\"no\" allowfullscreen=\"allowfullscreen\"><\/iframe><\/p>\n","protected":false},"excerpt":{"rendered":"<p>Cuando llegamos a conocer la gracia de Dios, emprendemos un proceso de transformaci\u00f3n permanente, en el que Dios nos ayuda. Conozca por qu\u00e9 razones. Fernando Alexis Jim\u00e9nez | Misi\u00f3n Edificando Familias S\u00f3lidas Cuando un hombre u mujer alcanzan a dimensionar en su verdadera proporci\u00f3n lo que significa la gracia de Dios, abren las puertas para&#8230;<\/p>\n","protected":false},"author":2,"featured_media":1738,"comment_status":"closed","ping_status":"closed","sticky":false,"template":"","format":"standard","meta":{"_kadence_starter_templates_imported_post":false,"footnotes":""},"categories":[18],"tags":[],"class_list":["post-1737","post","type-post","status-publish","format-standard","has-post-thumbnail","hentry","category-analisis"],"_links":{"self":[{"href":"https:\/\/www.familiassolidas.com\/site\/wp-json\/wp\/v2\/posts\/1737","targetHints":{"allow":["GET"]}}],"collection":[{"href":"https:\/\/www.familiassolidas.com\/site\/wp-json\/wp\/v2\/posts"}],"about":[{"href":"https:\/\/www.familiassolidas.com\/site\/wp-json\/wp\/v2\/types\/post"}],"author":[{"embeddable":true,"href":"https:\/\/www.familiassolidas.com\/site\/wp-json\/wp\/v2\/users\/2"}],"replies":[{"embeddable":true,"href":"https:\/\/www.familiassolidas.com\/site\/wp-json\/wp\/v2\/comments?post=1737"}],"version-history":[{"count":0,"href":"https:\/\/www.familiassolidas.com\/site\/wp-json\/wp\/v2\/posts\/1737\/revisions"}],"wp:featuredmedia":[{"embeddable":true,"href":"https:\/\/www.familiassolidas.com\/site\/wp-json\/wp\/v2\/media\/1738"}],"wp:attachment":[{"href":"https:\/\/www.familiassolidas.com\/site\/wp-json\/wp\/v2\/media?parent=1737"}],"wp:term":[{"taxonomy":"category","embeddable":true,"href":"https:\/\/www.familiassolidas.com\/site\/wp-json\/wp\/v2\/categories?post=1737"},{"taxonomy":"post_tag","embeddable":true,"href":"https:\/\/www.familiassolidas.com\/site\/wp-json\/wp\/v2\/tags?post=1737"}],"curies":[{"name":"wp","href":"https:\/\/api.w.org\/{rel}","templated":true}]}}