{"id":17,"date":"2024-11-14T00:07:21","date_gmt":"2024-11-14T05:07:21","guid":{"rendered":"http:\/\/www.familiassolidas.com\/site\/?p=17"},"modified":"2024-10-04T21:02:51","modified_gmt":"2024-10-05T02:02:51","slug":"que-hacer-en-medio-de-las-crisis","status":"publish","type":"post","link":"https:\/\/www.familiassolidas.com\/site\/archivos\/17","title":{"rendered":"\u00bfQu\u00e9 hacer en medio de las crisis?"},"content":{"rendered":"<hr \/>\n<h2 style=\"text-align: center;\"><span style=\"color: #800000; font-size: 14pt;\">Las crisis son inevitables y tocan a las puertas de toda persona. El secreto radica en depender de Dios y volver nuestra mirada a \u00c9l cuando llegan los momentos dif\u00edciles.<\/span><\/h2>\n<hr \/>\n<p style=\"text-align: center;\"><span style=\"color: #000000;\"><a href=\"https:\/\/bit.ly\/m\/FernandoJimenez\" target=\"_blank\" rel=\"noopener\"><strong>Fernando Alexis Jim\u00e9nez<\/strong><\/a> | Editor de la Revista Vida Familiar | <strong>@VidaFamiliarCo<\/strong><\/span><\/p>\n<hr \/>\n<p style=\"text-align: justify;\"><span style=\"color: #000000;\">A Jairo le inquieta la <strong>vida cristian<\/strong>a. Su primer contacto con las ense\u00f1anzas del Se\u00f1or Jes\u00fas ocurri\u00f3 una tarde que regresaba a casa del trabajo. Buscaba una estaci\u00f3n de radio agradable y de pronto le llam\u00f3 la atenci\u00f3n un expositor. Lo dej\u00f3 ah\u00ed. El hombre dio una direcci\u00f3n urbana y anunci\u00f3 que el domingo siguiente tendr\u00edan reuni\u00f3n despu\u00e9s de las nueve de la ma\u00f1ana.<\/span><\/p>\n<p style=\"text-align: justify;\"><span style=\"color: #000000;\">Comenz\u00f3 a asistir pero pronto su sed de aprender <strong>le llev\u00f3 a escuchar a un predicador<\/strong> que se llamaba asimismo la \u00ab<i>encarnaci\u00f3n humana de Jesucristo<\/i>\u00ab. Sustentaba sus tesis con Escrituras. Y le pareci\u00f3 interesante seguirlo a \u00e9l. Pronto estaba inmerso en las propuestas her\u00e9ticas.<\/span><\/p>\n<p style=\"text-align: justify;\"><span style=\"color: #000000;\"><strong>Su fidelidad a esa corriente religiosa<\/strong> le dur\u00f3 hasta que oy\u00f3 hablar de una denominaci\u00f3n en la que todos los asistentes, recib\u00edan \u00ab<i>profec\u00eda<\/i>\u00bb y pod\u00edan conocer qu\u00e9 ocurrir\u00eda. Le son\u00f3 sumamente interesante y se dijo: \u00ab\u00bf<i>Por qu\u00e9 no experimentar<\/i>?\u00bb Y all\u00ed estuvo por un tiempo.<\/span><\/p>\n<p style=\"text-align: justify;\"><span style=\"color: #000000;\">Hoy Jairo recorre las calles con una organizaci\u00f3n que tiene su propia versi\u00f3n de la Biblia, distribuye revistas, cree que el Esp\u00edritu Santo es una \u00abfuerza activa\u00bb y niega que Jesucristo sea Dios.<\/span><\/p>\n<h2 style=\"text-align: justify;\"><span style=\"color: #000000;\">\u00bf<b>Ad\u00f3nde ir<\/b>?<\/span><\/h2>\n<p style=\"text-align: justify;\"><span style=\"color: #000000;\">Usted se preguntar\u00e1: \u00ab<i>En medio de tantas corrientes religiosas, \u00bfad\u00f3nde ir?<\/i>\u00ab. Es un interrogante comprensible porque se han levantado sinn\u00famero de filosof\u00edas y ense\u00f1anzas que pretenden ser cristianas y que conducen al error.<\/span><\/p>\n<p style=\"text-align: justify;\"><span style=\"color: #000000;\">Encontrar el camino correcto comienza con una b\u00fasqueda sincera de Dios a trav\u00e9s de <strong>la oraci\u00f3n y el estudio sistem\u00e1tico de la Biblia.<\/strong> Es tanto como regresar a la fuente primaria, no contaminada, que proviene de lo alto. Al fin y al cabo en la redacci\u00f3n de los libros sagrados intervinieron hombres inspirados por Dios\u2014(2 Timoteo 3:16 y 2 Pedro 1:21).<\/span><\/p>\n<p style=\"text-align: justify;\"><span style=\"color: #000000;\">Para orientarnos con fundamento en esa br\u00fajula que nos gu\u00eda en el sendero apropiado, le invito para que estudiemos unos cuantos vers\u00edculos de la carta del <strong>ap\u00f3stol Pablo a los Colosenses<\/strong>. Se trata de una ep\u00edstola escrita cuando estaba en la c\u00e1rcel de Roma, hacia el <strong>a\u00f1o 62 d.C.<\/strong><\/span><\/p>\n<p style=\"text-align: justify;\"><span style=\"color: #000000;\">La iglesia enfrentaba m\u00faltiples errores de orden doctrinal en las que interven\u00edan los planteamientos del gnosticismo y de la filosof\u00eda secular. Era necesaria la intervenci\u00f3n de este siervo para poner las cosas en orden.<\/span><\/p>\n<p style=\"text-align: justify;\"><span style=\"color: #000000;\"><strong>Colosas era una ciudad de Asia Menor, pr\u00f3xima a Laodicea<\/strong> que se vio afectada positivamente con el escrito (Colosenses 4:15), 160 kil\u00f3metros al este de \u00c9feso. Fue fundada sobre las m\u00e1rgenes del r\u00edo Lico, y si bien es cierto no era tan popular como Laodicea, jugaba un papel importante por tratarse de un centro comercial.<\/span><\/p>\n<p style=\"text-align: justify;\"><span style=\"color: #000000;\">Fue poblada por numerosos jud\u00edos cuando se produjo la persecuci\u00f3n de los<strong> Ant\u00edocos III y IV<\/strong>, 200 a\u00f1os antes de Cristo.<\/span><\/p>\n<p style=\"text-align: justify;\"><span style=\"color: #000000;\">Ahora, usted se preguntar\u00e1, \u00bf<em>cu\u00e1l era el problema<\/em>? Que al agnosticismo que estaba en boga preconizaba que para ser aceptado por Dios se necesitaba cierto conocimiento especial; de igual manera se hab\u00edan infiltrado doctrinas seg\u00fan las cuales<strong> los \u00e1ngeles jugaban un papel determinante para tener un acercamiento a Dios.<\/strong><\/span><\/p>\n<p style=\"text-align: justify;\"><span style=\"color: #000000;\">El ap\u00f3stol Pablo ense\u00f1a entonces que <strong>Cristo pag\u00f3 por el pecado del hombre<\/strong>; nos reconcili\u00f3 con Dios, y nos da el modelo y el poder para crecer espiritualmente.<\/span><\/p>\n<p style=\"text-align: justify;\"><span style=\"color: #000000;\">Junto con las ep\u00edstolas a los Filipenses, los Efesios y Filem\u00f3n, la de Colosenses es una de las que se conoce como \u00abcartas del cautiverio\u00bb porque el ap\u00f3stol Pablo estaba preso en Roma.<\/span><\/p>\n<h2 style=\"text-align: justify;\"><span style=\"color: #000000;\"><b>El llamamiento al ministerio<\/b><\/span><\/h2>\n<p style=\"text-align: justify;\"><span style=\"color: #000000;\">Le invito para que estudiemos la carta del ap\u00f3stol Pablo a los Colosenses, en el cap\u00edtulo 1; pero antes, tomemos nota de las siguientes historias:<\/span><\/p>\n<p style=\"text-align: justify;\"><span style=\"color: #000000;\">Bernardo pastorea una congregaci\u00f3n de veinte personas en los suburbios de <strong>Santiago de Cali.<\/strong> No tienen sillas sino unos butacos de madera y una mesa, bastante desconchada, hace las veces de p\u00falpito. En ocasiones las ofrendas que se recoger le alcanzan a duras penas para transportarse hasta su casa. Durante la semana trabaja vendiendo calzado, en el centro de la ciudad. Dice que soporta esta situaci\u00f3n, desde hace cuatro a\u00f1os, porque siente un sincero llamamiento de Dios a servir en su obra.<\/span><\/p>\n<p style=\"text-align: justify;\"><span style=\"color: #000000;\">Por su parte Rodrigo trabaja pero donde ve dinero. Se considera un excelente pastor y por tanto, congregaci\u00f3n que requiera sus servicios, se lleva un ministro de lujo a la n\u00f3mina. <strong>En este momento no est\u00e1 vinculado a ninguna iglesia<\/strong> porque\u2014para ser sincero\u2014no han podido cancelarle lo que vale su trabajo.<\/span><\/p>\n<p style=\"text-align: justify;\"><span style=\"color: #000000;\">Dos historias que ilustran a quien realmente ha sido llamado por Dios a servirle en la extensi\u00f3n del reino, y aqu\u00e9l que es \u00abvoluntario\u00bb, es decir, que por la b\u00fasqueda de estatus, vinculaci\u00f3n laboral o simplemente embelequer\u00eda, se involucran en <strong>el pastorado o en el liderazgo<\/strong>.<\/span><\/p>\n<p style=\"text-align: justify;\"><span style=\"color: #000000;\">Cabe preguntarnos, \u00bfrealmente has sido llamado por Dios para servirle? Sin duda \u00c9l te llama a vivir en Cristo, pero \u00bfsientes que fuiste convocado a pastorear o estar al frente de un ministerio?<\/span><\/p>\n<p style=\"text-align: justify;\"><span style=\"color: #000000;\">El <strong>ap\u00f3stol Pablo<\/strong> estaba consciente de este llamamiento y escribi\u00f3: <\/span><\/p>\n<p style=\"text-align: justify; padding-left: 40px;\"><strong><span style=\"color: #000000;\"><i>\u00abPablo, ap\u00f3stol de Jesucristo por la voluntad de Dios\u00bb (vers\u00edculo 1 a)<\/i>.<\/span><\/strong><\/p>\n<h2 class=\"despiece\" style=\"text-align: justify;\"><span style=\"color: #000000;\"><strong>\u00bfC\u00f3mo toma las decisiones?<\/strong><\/span><\/h2>\n<p style=\"text-align: justify;\"><span style=\"color: #000000;\">El t\u00e9rmino \u00ab<i>ap\u00f3stol<\/i>\u00bb significa \u00ab<i>elegido y enviado<\/i>\u00ab, de ah\u00ed que debemos examinarnos para determinar si en efecto sentimos ese llamamiento. La evaluaci\u00f3n nos dar\u00e1 una explicaci\u00f3n de por qu\u00e9 raz\u00f3n, tal vez, no estamos dando lo mejor de nosotros.<\/span><\/p>\n<h2 style=\"text-align: justify;\"><span style=\"color: #000000;\"><b>Intercediendo por las almas<\/b><\/span><\/h2>\n<p style=\"text-align: justify;\"><span style=\"color: #000000;\">Quien realmente ha sido \u00ab<i>llamado<\/i>\u00bb por Dios y no est\u00e1 como \u00ab<i>voluntario<\/i>\u00bb en la obra, se preocupa por las almas que tiene a cargo. El ap\u00f3stol Pablo es un ejemplo de lo que acabamos de decir ya que escribe a los creyentes de Colosas:<\/span><\/p>\n<p style=\"text-align: justify; padding-left: 40px;\"><strong><span style=\"color: #000000;\"><i>\u00abSiempre orando por vosotros\u2026\u00bb (vers\u00edculo 3)<\/i>.<\/span><\/strong><\/p>\n<p style=\"text-align: justify;\"><span style=\"color: #000000;\">Clamar por los hijos espirituales es una actitud constante; es pararnos en la brecha por los creyentes. Las oraciones se orientan a que reciban protecci\u00f3n divina, que experimenten crecimiento espiritual y tambi\u00e9n de Dios (v\u00e9ase el vers\u00edculo 9), entre otros motivos.<\/span><\/p>\n<h2 style=\"text-align: justify;\"><span style=\"color: #000000;\"><b>Fe en Dios, igual a testimonio<\/b><\/span><\/h2>\n<p style=\"text-align: justify;\"><span style=\"color: #000000;\">Si le comparto la historia de <strong>Gregorio Su\u00e1rez<\/strong>, el borracho de San Pachusco, un pueblecito al norte de <strong>Trujillo<\/strong>, en el Per\u00fa, usted comprender\u00e1 la estrecha relaci\u00f3n entre la fe en Dios y el testimonio.<\/span><\/p>\n<p style=\"text-align: justify;\"><span style=\"color: #000000;\">Este hombre era tremendo, pero cuando conoci\u00f3 a Jesucristo como Se\u00f1or y Salvador, se produjo en un ser una transformaci\u00f3n que se hizo notorias a todos. Hoy es conocido como un cristiano aguerrido que busca aprender m\u00e1s y m\u00e1s de \u00c9l cada d\u00eda, mientras lleva unas excelentes relaciones interpersonales.<\/span><\/p>\n<p style=\"text-align: justify;\"><span style=\"color: #000000;\">Este asunto fue abordado por el ap\u00f3stol Pablo cuando escribi\u00f3: <\/span><\/p>\n<p style=\"text-align: justify; padding-left: 40px;\"><strong><span style=\"color: #000000;\"><i>\u00ab\u2026habiendo o\u00eddo de vuestra fe en Cristo Jes\u00fas\u00bb (vers\u00edculo 4 a)<\/i>.<\/span><\/strong><\/p>\n<p style=\"text-align: justify;\"><span style=\"color: #000000;\">Al creer en el Hijo de Dios, permitiendo que \u00c9l obrara en ellos, se produjeron cambios notables a tal punto que sigue escribiendo<b><i>: <\/i><\/b><\/span><\/p>\n<p style=\"text-align: justify; padding-left: 40px;\"><strong><span style=\"color: #000000;\"><i>\u00ab\u2026y del amor que ten\u00e9is a todos los santos\u00bb (vers\u00edculo 4 b)<\/i>.<\/span><\/strong><\/p>\n<p style=\"text-align: justify;\"><span style=\"color: #000000;\">Quien ama a Dios necesariamente ama a su pr\u00f3jimo porque ve en \u00e9l a alguien por quien Jes\u00fas muri\u00f3 en la cruz. El Esp\u00edritu Santo que mora en nosotros nos lleva a experimentar ese amor (v\u00e9ase el vers\u00edculo 8).<\/span><\/p>\n<p style=\"text-align: justify;\"><span style=\"color: #000000;\">El proceso transformador se desencadena cuando recibimos el evangelio transformador de Jesucristo (vers\u00edculos 5 al 7).<\/span><\/p>\n<h2 style=\"text-align: justify;\"><span style=\"color: #000000;\"><b>En la voluntad de Dios<\/b><\/span><\/h2>\n<p style=\"text-align: justify;\"><span style=\"color: #000000;\">Siempre me han sorprendido los pilotos. Su capacidad de conducir un avi\u00f3n de una ciudad a otra con decenas de pasajeros a cargo. Ellos cumplen una misi\u00f3n y est\u00e1n sujetos a unas normas. No podemos concebir un piloto que lleve la aeronave al destino que \u00e9l quiere. Siempre hay un punto final especificado con antelaci\u00f3n, en el que debe aterrizar.<\/span><\/p>\n<p style=\"text-align: justify;\"><span style=\"color: #000000;\">Igual el cristiano. No nacimos para movernos como queremos sino para Dios. Al conocer Su voluntad, nos movemos en ella y le somos agradables, como escribe el ap\u00f3stol Pablo: <\/span><\/p>\n<p style=\"text-align: justify; padding-left: 40px;\"><span style=\"color: #000000;\"><b><i>\u00ab\u2026para que and\u00e9is como es digno del Se\u00f1or\u2026\u00bb (vers\u00edculo 10 a)<\/i><\/b>. <\/span><\/p>\n<p style=\"text-align: justify;\"><span style=\"color: #000000;\">Si estamos en el centro mismo de la voluntad de nuestro amado Padre, llevaremos fruto: <\/span><\/p>\n<p style=\"text-align: justify; padding-left: 40px;\"><strong><span style=\"color: #000000;\"><i>\u00ab\u2026agrad\u00e1ndole en todo, llevando fruto en toda buena obra\u2026\u00bb (vers\u00edculo 10 b)<\/i>.<\/span><\/strong><\/p>\n<h2 style=\"text-align: justify;\"><span style=\"color: #000000;\"><b>La verdadera fuente de poder<\/b><\/span><\/h2>\n<p style=\"text-align: justify;\"><span style=\"color: #000000;\">Cuando nos volcamos al estudio cuidadoso del primer cap\u00edtulo de la carta del <strong>ap\u00f3stol Pablo a los Colonsenses<\/strong>, aprendemos principios interesantes. Uno de ellos, que no debemos luchar en nuestras fuerzas sino en las de Dios, porque de \u00c9l proviene nuestro poder.<\/span><\/p>\n<p style=\"text-align: justify;\"><span style=\"color: #000000;\">El autor sagrado escribi\u00f3: <\/span><\/p>\n<p style=\"text-align: justify; padding-left: 40px;\"><strong><span style=\"color: #000000;\"><i>\u00abFortalecido con todo poder, conforme a la potencia de su gloria\u00bb (vers\u00edculo 11 a)<\/i>.<\/span><\/strong><\/p>\n<p style=\"text-align: justify;\"><span style=\"color: #000000;\"><em>\u00bfPara qu\u00e9 ese poder?<\/em> para superar las pruebas y para mantenernos perseverantes en el andar cristiano\u2026<\/span><\/p>\n<p style=\"text-align: justify;\"><span style=\"color: #000000;\">La vida cristiana se compone de principios que vamos aprendiendo y los cuales, una vez interiorizados, se hacen poderosos en nuestro ser y nos llevan a crecer y fortalecernos para llevar fruto.<\/span><\/p>\n<p><strong><a href=\"https:\/\/sites.google.com\/view\/vidafamiliarco\/Inicio\" target=\"_blank\" rel=\"noopener\">\u00a9 Fernando Alexis Jim\u00e9nez<\/a><\/strong> | <span style=\"color: #000000;\">@Devocionales365<\/span><\/p>\n<h2><span style=\"color: #000000;\"><strong>Lea tambi\u00e9n:<\/strong><\/span><\/h2>\n<ul>\n<li><strong><a href=\"https:\/\/salvosporlagracia.wordpress.com\/2024\/10\/04\/nos-espera-una-nueva-vida-de-cambio-y-crecimiento-en-gracia\/\" target=\"_blank\" rel=\"noopener\">Nos espera una nueva vida de crecimiento en la gracia de Dios<\/a><\/strong><\/li>\n<li><strong><a href=\"https:\/\/revistavidafamiliar.wordpress.com\/2024\/10\/04\/descargue-gratis-su-copia-del-libro-edificando-matrimonios-solidos\/\" target=\"_blank\" rel=\"noopener\">Descargue gratis el libro \u201cEdificando Familias S\u00f3lidas\u201d<\/a><\/strong><\/li>\n<li><strong><a href=\"https:\/\/www.familiassolidas.com\/site\/actitudes-y-habitos-que-nos-contagian-y-nos-destruyen\/\" target=\"_blank\" rel=\"noopener\">Actitudes que nos contagian y nos destruyen<\/a><\/strong><\/li>\n<\/ul>\n<hr \/>\n<p style=\"text-align: center;\"><span style=\"color: #000000;\">Escuche <a href=\"https:\/\/www.youtube.com\/@MensajerodelaPalabraCom\/featured\" target=\"_blank\" rel=\"noopener\"><strong>Aqu\u00ed<\/strong><\/a> las transmisiones diarias de <strong>Vida Familiar<\/strong><\/span><\/p>\n<hr \/>\n<p><iframe title=\"Spotify Embed: Programa Vida Familiar\" style=\"border-radius: 12px\" width=\"100%\" height=\"152\" frameborder=\"0\" allowfullscreen allow=\"autoplay; clipboard-write; encrypted-media; fullscreen; picture-in-picture\" loading=\"lazy\" src=\"https:\/\/open.spotify.com\/embed\/show\/7vnneIFpfQh475Tw2qvmZD?utm_source=oembed\"><\/iframe><\/p>\n","protected":false},"excerpt":{"rendered":"<p>Las crisis son inevitables y tocan a las puertas de toda persona. El secreto radica en depender de Dios y volver nuestra mirada a \u00c9l cuando llegan los momentos dif\u00edciles. Fernando Alexis Jim\u00e9nez | Editor de la Revista Vida Familiar | @VidaFamiliarCo A Jairo le inquieta la vida cristiana. Su primer contacto con las ense\u00f1anzas&#8230;<\/p>\n","protected":false},"author":2,"featured_media":61,"comment_status":"closed","ping_status":"closed","sticky":false,"template":"","format":"standard","meta":{"_kadence_starter_templates_imported_post":false,"footnotes":""},"categories":[4],"tags":[],"class_list":["post-17","post","type-post","status-publish","format-standard","has-post-thumbnail","hentry","category-articulos"],"_links":{"self":[{"href":"https:\/\/www.familiassolidas.com\/site\/wp-json\/wp\/v2\/posts\/17","targetHints":{"allow":["GET"]}}],"collection":[{"href":"https:\/\/www.familiassolidas.com\/site\/wp-json\/wp\/v2\/posts"}],"about":[{"href":"https:\/\/www.familiassolidas.com\/site\/wp-json\/wp\/v2\/types\/post"}],"author":[{"embeddable":true,"href":"https:\/\/www.familiassolidas.com\/site\/wp-json\/wp\/v2\/users\/2"}],"replies":[{"embeddable":true,"href":"https:\/\/www.familiassolidas.com\/site\/wp-json\/wp\/v2\/comments?post=17"}],"version-history":[{"count":0,"href":"https:\/\/www.familiassolidas.com\/site\/wp-json\/wp\/v2\/posts\/17\/revisions"}],"wp:featuredmedia":[{"embeddable":true,"href":"https:\/\/www.familiassolidas.com\/site\/wp-json\/wp\/v2\/media\/61"}],"wp:attachment":[{"href":"https:\/\/www.familiassolidas.com\/site\/wp-json\/wp\/v2\/media?parent=17"}],"wp:term":[{"taxonomy":"category","embeddable":true,"href":"https:\/\/www.familiassolidas.com\/site\/wp-json\/wp\/v2\/categories?post=17"},{"taxonomy":"post_tag","embeddable":true,"href":"https:\/\/www.familiassolidas.com\/site\/wp-json\/wp\/v2\/tags?post=17"}],"curies":[{"name":"wp","href":"https:\/\/api.w.org\/{rel}","templated":true}]}}