{"id":1666,"date":"2025-01-30T00:57:21","date_gmt":"2025-01-30T05:57:21","guid":{"rendered":"https:\/\/www.familiassolidas.com\/site\/?p=1666"},"modified":"2024-12-28T10:59:30","modified_gmt":"2024-12-28T15:59:30","slug":"5-distintivos-de-un-lider-eficaz","status":"publish","type":"post","link":"https:\/\/www.familiassolidas.com\/site\/archivos\/1666","title":{"rendered":"5 distintivos de un l\u00edder eficaz"},"content":{"rendered":"<h2 style=\"text-align: center;\"><span style=\"color: #800000;\">Todas las personas ejercemos liderazgo. Unas con mayor eficacia que otras. Nuestra meta, debe ser la de potenciar nuestras capacidades como l\u00edderes. Descubra c\u00f3mo.<\/span><\/h2>\n<hr \/>\n<p style=\"text-align: center;\"><a href=\"https:\/\/bit.ly\/FAJ\" target=\"_blank\" rel=\"noopener\"><strong>Fernando Alexis Jim\u00e9nez<\/strong><\/a> | Misi\u00f3n Edificando Familias S\u00f3lidas<\/p>\n<hr \/>\n<p><span style=\"color: #000000;\">Si usted tiene a cargo una familia o forma parte de una familia, o tambi\u00e9n, si cumple alg\u00fan roll en la sociedad e, incluso, su puesto de trabajo, est\u00e1 llamado a generar cambios. En pocas palabras, ejercer adecuadamente alg\u00fan tipo de liderazgo.<\/span><\/p>\n<p><span style=\"color: #000000;\">Pero, \u00bf<em>c\u00f3mo lo hace<\/em>? \u00bf<em>Es eficaz o tal vez no ejerce influencia en otras personas<\/em>? Recuerde que nadie nace siendo l\u00edder, pero s\u00ed con las potencialidades para desarrollarlo y legar al m\u00e1ximo nivel.<\/span><\/p>\n<p><span style=\"color: #000000;\">El autor internacional, <strong>John Maxwell<\/strong>, anota:<\/span><\/p>\n<p style=\"padding-left: 40px;\"><span style=\"color: #000000;\"><em>\u201cLas caracter\u00edsticas que constituyen la naturaleza primaria del liderazgo pueden aprenderse. S\u00fameles el deseo de ser l\u00edder y nada le impedir\u00e1 llegar a serlo. El liderazgo se desarrolla, no se manifiesta.\u201d<\/em><\/span><\/p>\n<p><span style=\"color: #000000;\">El asunto qued\u00f3 planteado por las palabras del Se\u00f1or Jes\u00fas:<\/span><\/p>\n<p style=\"padding-left: 40px;\"><span style=\"color: #000000;\"><em>\u00abNadie enciende una l\u00e1mpara para esconderla o para ponerla debajo de un cesto. Por el contrario, la pone sobre el candelero para que los que entren tengan luz. La l\u00e1mpara del cuerpo son los ojos. Si miras a otros con ganas de ayudarles, todo el cuerpo est\u00e1 lleno de luz. Pero si con los ojos los miras con envidia, todo el cuerpo est\u00e1 en la oscuridad. Por lo tanto, cu\u00eddate de que la luz que est\u00e1 en ti no sea oscuridad.\u00bb (Lucas 11:33-35 | Versi\u00f3n Popular)<\/em><\/span><\/p>\n<p><span style=\"color: #000000;\">\u00bf<em>Comprende que liderar positivamente, transfiriendo principios y valores, no es \u00fanicamente opcional, sino que representa un compromiso<\/em>? A usted tambi\u00e9n le corresponde.<\/span><\/p>\n<h2><span style=\"color: #000000;\"><strong>L\u00cdDERES DE INFLUENCIA<\/strong><\/span><\/h2>\n<p><span style=\"color: #000000;\">\u00bf<em>C\u00f3mo son los l\u00edderes que ejercen apropiadamente su labor y transfieren principios y valores a quienes les rodean<\/em>? Esbozan al menos cinco caracter\u00edsticas:<\/span><\/p>\n<p style=\"padding-left: 40px;\"><span style=\"color: #000000;\">&gt; Tienen una visi\u00f3n clara.<\/span><\/p>\n<p style=\"padding-left: 40px;\"><span style=\"color: #000000;\">&gt; No se detienen ante los problemas cotidianos.<\/span><\/p>\n<p style=\"padding-left: 40px;\"><span style=\"color: #000000;\">&gt; Los obst\u00e1culos no roban su visi\u00f3n, ni derriban sus metas,<\/span><\/p>\n<p style=\"padding-left: 40px;\"><span style=\"color: #000000;\">&gt; Se afianzan en principios y valores.<\/span><\/p>\n<p style=\"padding-left: 40px;\"><span style=\"color: #000000;\">&gt; Dirigen y orienten, no se circunscriben a manipular a las personas.<\/span><\/p>\n<p><span style=\"color: #000000;\">\u00bf<em>Por qu\u00e9 hacemos estas aseveraciones, vertidas en principios<\/em>? Porque gravitan alrededor de un fundamento universal: liderar es la capacidad de una persona para ejercer influencia.<\/span><\/p>\n<p><span style=\"color: #000000;\"><img loading=\"lazy\" decoding=\"async\" class=\"aligncenter wp-image-1667 size-large\" src=\"https:\/\/www.familiassolidas.com\/site\/wp-content\/uploads\/Liderazgo-1-1-1024x682.jpg\" alt=\"\" width=\"640\" height=\"426\" srcset=\"https:\/\/www.familiassolidas.com\/site\/wp-content\/uploads\/Liderazgo-1-1-1024x682.jpg 1024w, https:\/\/www.familiassolidas.com\/site\/wp-content\/uploads\/Liderazgo-1-1-500x333.jpg 500w, https:\/\/www.familiassolidas.com\/site\/wp-content\/uploads\/Liderazgo-1-1.jpg 1280w\" sizes=\"auto, (max-width: 640px) 100vw, 640px\" \/><\/span><\/p>\n<h2><span style=\"color: #000000;\"><strong>LIDERADOS PARA LIDERAR<\/strong><\/span><\/h2>\n<p><span style=\"color: #000000;\">El liderazgo es un proceso que se afianza en el d\u00eda a d\u00eda. Como proceso, requiere tiempo y en algunos casos, ajustes, No es algo que se logra en un abrir y cerrar de ojos.<\/span><\/p>\n<p><span style=\"color: #000000;\">Todos los seres humanos somos influenciados por otros y, a su vez, influenciamos entre quienes nos rodean. Es una cadena que se torna infinita. No se rompe, por el contrario, se fortalece cuando lideramos apropiadamente.<\/span><\/p>\n<p><span style=\"color: #000000;\">El liderazgo puede ser positivo o negativo, directo e indirecto, de ah\u00ed que sea importante una autoevaluaci\u00f3n permanente y asumir la disposici\u00f3n de imprimir cambios en nuestra forma de pensar y de actuar.<\/span><\/p>\n<p><span style=\"color: #000000;\">\u00bf<em>Cu\u00e1l es nuestra responsabilidad<\/em>? Potenciar nuestras capacidades para liderar y responder adecuadamente a la disyuntiva que se abre frente a nosotros: somos seguidores o, sencillamente, somos l\u00edderes, con todo el peso que implica esta tarea.<\/span><\/p>\n<h2><span style=\"color: #000000;\"><strong>LIDERAR CON PROP\u00d3SITO<\/strong><\/span><\/h2>\n<p><span style=\"color: #000000;\">Un liderazgo acertado se afianza en tres pilares:<\/span><\/p>\n<p style=\"padding-left: 40px;\"><span style=\"color: #000000;\">&gt; Una adecuada comunicaci\u00f3n de la misi\u00f3n, visi\u00f3n y metas a cumplir.<\/span><\/p>\n<p style=\"padding-left: 40px;\"><span style=\"color: #000000;\">&gt; Reconocimiento de las personas a partir del ejemplo que ofrecemos.<\/span><\/p>\n<p style=\"padding-left: 40px;\"><span style=\"color: #000000;\">&gt; Una apropiada influencia que reconoce equ\u00edvocos y no busca imponerse.<\/span><\/p>\n<p><span style=\"color: #000000;\">La sumatoria de estos tres cimientos lleva al l\u00edder a mostrar genuino inter\u00e9s en las personas. Po ese motivo podemos afirmar, el liderazgo de influencia comienza con una buena dosis de coraz\u00f3n y otro tanto de raz\u00f3n. Es una amalgama, no se va a los extremos.<\/span><\/p>\n<p><span style=\"color: #000000;\">Nuestro amado Dios y Salvador Jesucristo ense\u00f1\u00f3:<\/span><\/p>\n<p style=\"padding-left: 40px;\"><span style=\"color: #000000;\"><em>\u00abTraten a los dem\u00e1s tal y como quieren que ellos los traten a ustedes.\u00bb (Lucas 6:31 | NVI)<\/em><\/span><\/p>\n<p><span style=\"color: #000000;\">Como podr\u00e1 apreciar, liderar es f\u00e1cil en la medida en <strong>que dependamos de Dios<\/strong> y miremos a los dem\u00e1s, como pr\u00f3jimo, a quienes antes que <em>ordenarles<\/em>, orientamos con empat\u00eda, poni\u00e9ndonos en sus zapatos.<\/span><\/p>\n<p><span style=\"color: #000000;\">En ese orden de ideas, nuestra principal tarea es vivenciar y transferir la visi\u00f3n a las personas que nos rodean y con quienes interactuamos. Es la forma de asegurar la pervivencia de nuestro legado.<\/span><\/p>\n<h2><span style=\"color: #000000;\"><strong>UNA DECISI\u00d3N TRASCENDENTAL<\/strong><\/span><\/h2>\n<p><span style=\"color: #000000;\">No podr\u00eda terminar sin antes invitarle para que abra las puertas de su coraz\u00f3n a la gracia de Dios. Por su infinito amor y en respuesta a nuestro arrepentimiento, \u00c9l perdona todos nuestros pecados y nos ofrece una nueva oportunidad de vida y, al cruzar el umbral de la muerte, la eternidad en Su presencia.<\/span><\/p>\n<p><span style=\"color: #000000;\">\u00c1brale hoy las puertas de su coraz\u00f3n a Jesucristo. Es la mejor decisi\u00f3n que podr\u00e1 tomar.<\/span><\/p>\n<hr \/>\n<p style=\"padding-left: 40px;\"><span style=\"color: #000000;\">Descargue <strong>gratis<\/strong> el libro <strong>Una vida maravillosa <\/strong>del autor, <strong>Fernando Alexis Jim\u00e9nez<\/strong> <\/span>&gt;&gt; <a href=\"https:\/\/acortar.link\/gzMgjG\" target=\"_blank\" rel=\"noopener\"><strong>https:\/\/acortar.link\/gzMgjG<\/strong><\/a><\/p>\n<p dir=\"auto\"><a href=\"https:\/\/bit.ly\/m\/FernandoJimenez\" target=\"_blank\" rel=\"noopener\"><strong>(C) Fernando Alexis Jim\u00e9nez<\/strong> <\/a>| @Conexi\u00f3n365<\/p>\n<h3 id=\"Lea-tambi\u00e9n:\" dir=\"auto\">Lea tambi\u00e9n:<\/h3>\n<ul dir=\"auto\">\n<li><a href=\"https:\/\/vidafamiliarco.wordpress.com\/2024\/12\/20\/decidase-a-ser-feliz\/\" target=\"_blank\" rel=\"noopener\"><strong><em>Dec\u00eddase a ser feliz con ayuda de Dios.<\/em><\/strong><\/a><\/li>\n<li><a href=\"https:\/\/salvosporlagracia.wordpress.com\/2024\/12\/24\/por-que-nos-escogio-dios-para-ser-salvos\/\" target=\"_blank\" rel=\"noopener\"><strong><em>\u00bfPor qu\u00e9 nos escogi\u00f3 Dios para ser salvos?<\/em><\/strong><\/a><\/li>\n<li><a href=\"https:\/\/familiassolidasco.wordpress.com\/2024\/12\/20\/nueve-sentimientos-encontrados-de-familias-con-alguien-consumidor\/\" target=\"_blank\" rel=\"noopener\"><strong><em>\u00bfQu\u00e9 hacer si tiene un familiar con adicci\u00f3n a las drogas?<\/em><\/strong><\/a><\/li>\n<li><a href=\"https:\/\/blogfaj.wordpress.com\/2024\/12\/14\/renuncie-a-la-carga-del-rencor-para-ser-libre-de-ataduras-espirituales\/\" target=\"_blank\" rel=\"noopener\"><strong><em>Renuncie a la carga de rencor que arrastra en su vida<\/em><\/strong><\/a><\/li>\n<\/ul>\n<p><iframe title=\"Spotify Embed: Esperar en Dios| Podcast\" style=\"border-radius: 12px\" width=\"100%\" height=\"152\" frameborder=\"0\" allowfullscreen allow=\"autoplay; clipboard-write; encrypted-media; fullscreen; picture-in-picture\" loading=\"lazy\" src=\"https:\/\/open.spotify.com\/embed\/show\/7vnneIFpfQh475Tw2qvmZD?utm_source=oembed\"><\/iframe><\/p>\n","protected":false},"excerpt":{"rendered":"<p>Todas las personas ejercemos liderazgo. Unas con mayor eficacia que otras. Nuestra meta, debe ser la de potenciar nuestras capacidades como l\u00edderes. Descubra c\u00f3mo. Fernando Alexis Jim\u00e9nez | Misi\u00f3n Edificando Familias S\u00f3lidas Si usted tiene a cargo una familia o forma parte de una familia, o tambi\u00e9n, si cumple alg\u00fan roll en la sociedad e,&#8230;<\/p>\n","protected":false},"author":2,"featured_media":1829,"comment_status":"closed","ping_status":"closed","sticky":false,"template":"","format":"standard","meta":{"_kadence_starter_templates_imported_post":false,"footnotes":""},"categories":[4],"tags":[],"class_list":["post-1666","post","type-post","status-publish","format-standard","has-post-thumbnail","hentry","category-articulos"],"_links":{"self":[{"href":"https:\/\/www.familiassolidas.com\/site\/wp-json\/wp\/v2\/posts\/1666","targetHints":{"allow":["GET"]}}],"collection":[{"href":"https:\/\/www.familiassolidas.com\/site\/wp-json\/wp\/v2\/posts"}],"about":[{"href":"https:\/\/www.familiassolidas.com\/site\/wp-json\/wp\/v2\/types\/post"}],"author":[{"embeddable":true,"href":"https:\/\/www.familiassolidas.com\/site\/wp-json\/wp\/v2\/users\/2"}],"replies":[{"embeddable":true,"href":"https:\/\/www.familiassolidas.com\/site\/wp-json\/wp\/v2\/comments?post=1666"}],"version-history":[{"count":0,"href":"https:\/\/www.familiassolidas.com\/site\/wp-json\/wp\/v2\/posts\/1666\/revisions"}],"wp:featuredmedia":[{"embeddable":true,"href":"https:\/\/www.familiassolidas.com\/site\/wp-json\/wp\/v2\/media\/1829"}],"wp:attachment":[{"href":"https:\/\/www.familiassolidas.com\/site\/wp-json\/wp\/v2\/media?parent=1666"}],"wp:term":[{"taxonomy":"category","embeddable":true,"href":"https:\/\/www.familiassolidas.com\/site\/wp-json\/wp\/v2\/categories?post=1666"},{"taxonomy":"post_tag","embeddable":true,"href":"https:\/\/www.familiassolidas.com\/site\/wp-json\/wp\/v2\/tags?post=1666"}],"curies":[{"name":"wp","href":"https:\/\/api.w.org\/{rel}","templated":true}]}}