{"id":1517,"date":"2025-08-18T00:52:23","date_gmt":"2025-08-18T05:52:23","guid":{"rendered":"https:\/\/www.familiassolidas.com\/site\/?p=1517"},"modified":"2025-05-12T20:42:06","modified_gmt":"2025-05-13T01:42:06","slug":"esta-dispuesto-a-cambiar-su-relacion-familiar","status":"publish","type":"post","link":"https:\/\/www.familiassolidas.com\/site\/archivos\/1517","title":{"rendered":"\u00bfEst\u00e1 dispuesto a cambiar su relaci\u00f3n familiar?"},"content":{"rendered":"<p style=\"text-align: left; padding-left: 40px;\"><strong><span style=\"color: #800000; font-size: 19px;\">Imagine por un instante en lo maravilloso que podr\u00eda ser trasladarse en el tiempo y encajar en ese momento en el que causamos dolor a nuestro c\u00f3nyuge, hijos o seres que amamos para subsanar los errores.<\/span><\/strong><\/p>\n<hr \/>\n<p style=\"text-align: center;\"><a href=\"https:\/\/bit.ly\/m\/FernandoJimenez\">\u00a0<strong>Fernando Alexis Jim\u00e9nez<\/strong><\/a><strong> | <\/strong><span style=\"color: #000000;\">Misi\u00f3n Edificando Familias S\u00f3lidas\u00a0<\/span><\/p>\n<hr \/>\n<p><span style=\"color: #000000;\">Probablemente alguna vez pudo disfrutar alguno de los episodios de la saga <strong>\u201cVolver al futuro<\/strong>\u201d, que estelariz\u00f3 <strong>Michel J. Fox<\/strong>. Se estren\u00f3 en <strong>1985 <\/strong>y <strong>recaud\u00f3 400 millones de d\u00f3lares<\/strong> en teatros de todo el mundo. Rompi\u00f3 r\u00e9cords y rebas\u00f3 todos los pron\u00f3sticos, incluso de quienes cre\u00edan que ser\u00eda un fracaso.<\/span><\/p>\n<p><span style=\"color: #000000;\">El argumento gira en torno a un cient\u00edfico y un adolescente que viajan a trav\u00e9s del tiempo, personificando aventuras inveros\u00edmiles que, en su conjunto, dejan ense\u00f1anzas.<\/span><\/p>\n<p><span style=\"color: #000000;\">Los creadores, <strong>Robert Zemeckis y Bob Cale<\/strong>, estuvieron signados por el fracaso en los comienzos. La historia que propusieron llevar a la pantalla gigante, fue rechazada en 44 ocasiones. Les cerraban las puertas en la cara. Sin embargo, perseveraron hasta que Steven Spielberg les dio la oportunidad. Se convirtieron en un \u00e9xito.<\/span><\/p>\n<h2 style=\"padding-left: 40px;\"><span style=\"color: #000000;\"><strong>CORREGIR ERRORES<\/strong><\/span><\/h2>\n<p><span style=\"color: #000000;\">Ahora, imagine por un instante en lo maravilloso que podr\u00eda ser trasladarse en el tiempo, hacia el futuro o el pasado y, en el caso de ir al ayer, encajar en ese momento en el que causamos dolor a nuestro c\u00f3nyuge, hijos o seres que amamos y con las que interactuamos siempre.<\/span><\/p>\n<p><span style=\"color: #000000;\"><strong>Lo m\u00e1s probable es que no incurrir\u00edamos en los mismos equ\u00edvocos<\/strong> que nos han causado dolor y que han provocado profundas heridas emocionales a los seres con quienes interactuamos diariamente.<\/span><\/p>\n<p><iframe title=\"Spotify Embed: No pierda la esperanza | Podcast\" style=\"border-radius: 12px\" width=\"100%\" height=\"152\" frameborder=\"0\" allowfullscreen allow=\"autoplay; clipboard-write; encrypted-media; fullscreen; picture-in-picture\" loading=\"lazy\" src=\"https:\/\/open.spotify.com\/embed\/show\/7vnneIFpfQh475Tw2qvmZD?utm_source=oembed\"><\/iframe><\/p>\n<p><span style=\"color: #000000;\">Quiz\u00e1 no podremos retroceder a\u00f1os, meses, semanas o d\u00edas. <strong>El tiempo es inexorable<\/strong>, avanza hasta convertirse en un pasado que tal vez nos atormenta.<\/span><\/p>\n<p><span style=\"color: #000000;\">Pese a ello, \u00a0<strong>podemos corregir desde hoy en adelante, las fallas<\/strong> que se han tornado recurrentes en nuestra forma de pensar y de actuar. \u00bf<em>De qu\u00e9 manera<\/em>? Haciendo un alto en el camino y disponi\u00e9ndonos al cambio, con ayuda de Dios.<\/span><\/p>\n<h2 style=\"padding-left: 40px;\"><span style=\"color: #000000;\"><strong>TIEMPO DE CAMBIO<\/strong><\/span><\/h2>\n<p><span style=\"color: #000000;\">En <strong>Efesios 5: 16, 17<\/strong> el ap\u00f3stol Pablo escribe que es hora de aprovechar bien el tiempo porque los d\u00edas son malos. Eso incluye, por supuesto, promover cambios en la relaci\u00f3n familiar. Ajustarnos al prop\u00f3sito eterno de Dios.<\/span><\/p>\n<p><span style=\"color: #000000;\">En esa direcci\u00f3n debemos orientarnos. <strong>Es el momento oportuno para cambiar.<\/strong> Y hacerlo de manera positiva en la relaci\u00f3n con el c\u00f3nyuge, los hijos y quienes nos rodean.<\/span><\/p>\n<p><span style=\"color: #000000;\">Cuando lo hacemos, el clima de<em>\u00a0armon\u00eda<\/em>\u00a0y\u00a0<em>realizaci\u00f3n plena comienza<\/em>\u00a0a tomar forma. En nuestras fuerzas ser\u00e1 imposible hacerlo, pero <strong>si involucramos a Dios y le damos el primer lugar en nuestra existencia, podremos lograrlo.<\/strong><\/span><\/p>\n<p><span style=\"color: #000000;\"><strong>\u00a1Hoy es el d\u00eda para cambiar!<\/strong> El primer paso del proceso es abrirle las puertas del coraz\u00f3n al Se\u00f1or Jesucristo. Recibirlo como nuestro \u00fanico y suficiente Salvador. De Su mano poderosa, emprendemos el viaje maravilloso hacia el cambio y crecimiento en todas las \u00e1reas de nuestra vida, que tanto anhelamos y necesitamos.\u00a0<\/span><\/p>\n<hr \/>\n<p><strong><a href=\"https:\/\/bit.ly\/m\/FernandoJimenez\" target=\"_blank\" rel=\"noopener\">\u00a9 Fernando Alexis Jim\u00e9nez<\/a><\/strong>\u00a0|\u00a0@Conexi\u00f3n365<\/p>\n<h2><strong>Lea tambi\u00e9n<\/strong>:<\/h2>\n<ul>\n<li><strong><em><a href=\"https:\/\/blogfaj.wordpress.com\/2025\/03\/04\/como-aprender-a-valorar-a-su-familia\/\" target=\"_blank\" rel=\"noopener\">\u00bfC\u00f3mo valorar a su familia?<\/a><\/em><\/strong><\/li>\n<li><strong><a href=\"https:\/\/vidafamiliarco.wordpress.com\/2025\/03\/05\/como-enfrentar-los-ataques-de-satanas\/\" target=\"_blank\" rel=\"noopener\">\u00bfC\u00f3mo enfrentar los ataques de Satan\u00e1s?<\/a><\/strong><\/li>\n<li><strong><em><a href=\"https:\/\/familiassolidasco.wordpress.com\/2025\/02\/26\/quien-es-jesus-para-su-vida\/\" target=\"_blank\" rel=\"noopener\">\u00bfQui\u00e9n es\u00a0el Se\u00f1or Jes\u00fas para su vida?<\/a><\/em><\/strong><\/li>\n<li><strong><em><a href=\"https:\/\/salvosporlagracia.wordpress.com\/2025\/02\/28\/decidase-a-proclamar-la-gracia-de-dios\/\" target=\"_blank\" rel=\"noopener\">Dec\u00eddase a proclamar la gracia de Dios<\/a><\/em><\/strong>.<\/li>\n<\/ul>\n<p><iframe loading=\"lazy\" style=\"border: 1px solid #FFFFFF;\" src=\"https:\/\/www.ivoox.com\/player_es_podcast_926201_zp_1.html\" width=\"100%\" height=\"400\" frameborder=\"0\" scrolling=\"no\" allowfullscreen=\"allowfullscreen\"><\/iframe><\/p>\n","protected":false},"excerpt":{"rendered":"<p>Imagine por un instante en lo maravilloso que podr\u00eda ser trasladarse en el tiempo y encajar en ese momento en el que causamos dolor a nuestro c\u00f3nyuge, hijos o seres que amamos para subsanar los errores. \u00a0Fernando Alexis Jim\u00e9nez | Misi\u00f3n Edificando Familias S\u00f3lidas\u00a0 Probablemente alguna vez pudo disfrutar alguno de los episodios de la&#8230;<\/p>\n","protected":false},"author":2,"featured_media":1518,"comment_status":"closed","ping_status":"closed","sticky":false,"template":"","format":"standard","meta":{"_kadence_starter_templates_imported_post":false,"footnotes":""},"categories":[18],"tags":[],"class_list":["post-1517","post","type-post","status-publish","format-standard","has-post-thumbnail","hentry","category-analisis"],"_links":{"self":[{"href":"https:\/\/www.familiassolidas.com\/site\/wp-json\/wp\/v2\/posts\/1517","targetHints":{"allow":["GET"]}}],"collection":[{"href":"https:\/\/www.familiassolidas.com\/site\/wp-json\/wp\/v2\/posts"}],"about":[{"href":"https:\/\/www.familiassolidas.com\/site\/wp-json\/wp\/v2\/types\/post"}],"author":[{"embeddable":true,"href":"https:\/\/www.familiassolidas.com\/site\/wp-json\/wp\/v2\/users\/2"}],"replies":[{"embeddable":true,"href":"https:\/\/www.familiassolidas.com\/site\/wp-json\/wp\/v2\/comments?post=1517"}],"version-history":[{"count":0,"href":"https:\/\/www.familiassolidas.com\/site\/wp-json\/wp\/v2\/posts\/1517\/revisions"}],"wp:featuredmedia":[{"embeddable":true,"href":"https:\/\/www.familiassolidas.com\/site\/wp-json\/wp\/v2\/media\/1518"}],"wp:attachment":[{"href":"https:\/\/www.familiassolidas.com\/site\/wp-json\/wp\/v2\/media?parent=1517"}],"wp:term":[{"taxonomy":"category","embeddable":true,"href":"https:\/\/www.familiassolidas.com\/site\/wp-json\/wp\/v2\/categories?post=1517"},{"taxonomy":"post_tag","embeddable":true,"href":"https:\/\/www.familiassolidas.com\/site\/wp-json\/wp\/v2\/tags?post=1517"}],"curies":[{"name":"wp","href":"https:\/\/api.w.org\/{rel}","templated":true}]}}